{"id":912,"date":"2023-12-14T13:40:55","date_gmt":"2023-12-14T13:40:55","guid":{"rendered":"https:\/\/pulso27.com\/?p=912"},"modified":"2023-12-14T13:40:55","modified_gmt":"2023-12-14T13:40:55","slug":"jnj-avanza-la-venganza-del-congreso-contra-sus-magistrados","status":"publish","type":"post","link":"https:\/\/pulso27.com\/es\/nacional\/jnj-avanza-la-venganza-del-congreso-contra-sus-magistrados\/","title":{"rendered":"JNJ: avanza la venganza del Congreso contra sus magistrados"},"content":{"rendered":"\n<p>Golpe en marcha. La moci\u00f3n para remover a los magistrados fue admitida a debate en el pleno con 69 votos a favor del fujicerronismo y sus sat\u00e9lites. La Junta de Portavoces acord\u00f3 que el debate de la destituci\u00f3n ser\u00e1 este viernes a las 3 p.m.<\/p>\n\n\n\n<p>El Pleno del Congreso admiti\u00f3 a debate la moci\u00f3n de orden del d\u00eda para remover a los miembros de la Junta Nacional de Justicia (JNJ) con 69 votos a favor, 30 en contra y 17 abstenciones.<\/p>\n\n\n\n<p>Los votos de Fuerza Popular, Per\u00fa Libre, Alianza para el Progreso, Podemos Per\u00fa, Avanza Pa\u00eds y Renovaci\u00f3n Popular, otra vez, fueron determinantes para admitir este pedido.<\/p>\n\n\n\n<p>Con ello, la Junta de Portavoces fue convocada de inmediato para definir c\u00f3mo ser\u00e1 el debate. La destituci\u00f3n de los magistrados ser\u00e1 deliberada este viernes a las 3 p.m. Cada consejero tendr\u00e1 15 minutos para ejercer su defensa y el tiempo de intervenci\u00f3n de las bancadas ser\u00e1 de dos horas en el hemiciclo.<\/p>\n\n\n\n<p>Para remover a los miembros de la Junta, necesitan de 87 votos a favor. Para ello, los promotores de este golpe deben conseguir los votos de la izquierda y de los investigados en el caso Los Ni\u00f1os.<\/p>\n\n\n\n<p><strong>Los promotores<\/strong><br>La moci\u00f3n, como se sabe, fue presentada por Renovaci\u00f3n Popular, por iniciativa de los congresistas Alejandro Mu\u00f1ante y Jorge Montoya, tras la suspensi\u00f3n de la fiscal Patricia Benavides del cargo de titular del Ministerio P\u00fablico.<\/p>\n\n\n\n<p>La JNJ suspendi\u00f3 a la abogada debido a que est\u00e1 investigada como presunta l\u00edder de una organizaci\u00f3n criminal, conformada tambi\u00e9n por su exasesor Jaime Villanueva. Los chats de WhatsApp de Villanueva que salieron a la luz demuestran c\u00f3mo desde la Fiscal\u00eda de la Naci\u00f3n se teji\u00f3 una red con algunos parlamentarios para capturar el sistema de justicia.<\/p>\n\n\n\n<p><strong>Defienden a su fiscal<\/strong><br>As\u00ed qued\u00f3 reflejado cuando el vocero de Renovaci\u00f3n Popular, Jorge Montoya, sustent\u00f3 su pedido de destituci\u00f3n contra los consejeros. Mu\u00f1ante, su colega de bancada, sostuvo que no hay argumentos s\u00f3lidos para demostrar la existencia de una organizaci\u00f3n criminal liderada por la fiscal Benavides.<\/p>\n\n\n\n<p>El congresista no agrupado Alex Flores le record\u00f3 que el exasesor Jaime Villanueva lo menciona en una de sus conversaciones de WhatsApp.<\/p>\n\n\n\n<p>Los legisladores de izquierda Alex Flores y V\u00edctor Cutipa alegaron que la suspensi\u00f3n de la fiscal Benavides responde a que es urgente que ella se someta a una investigaci\u00f3n con garant\u00edas. \u201cEstamos hablando de una exfiscal que habr\u00eda incurrido en actos de organizaci\u00f3n criminal\u201d, record\u00f3 Cutipa.<\/p>\n\n\n\n<p>La propuesta de Renovaci\u00f3n Popular se\u00f1ala que la JNJ no respet\u00f3 el debido proceso para suspender a la abogada Benavides.<\/p>\n\n\n\n<p>Cutipa record\u00f3 que la fiscal fue citada a rendir su versi\u00f3n, pero en esa misma audiencia se retir\u00f3 sin dar declaraciones.<\/p>\n\n\n\n<p>Es incierto si los magistrados ser\u00e1n removidos, pues los defensores de la exfiscal de la Naci\u00f3n necesitan dos tercios del total de los votos para lograr su cometido.<\/p>\n\n\n\n<p>Al cierre de esta nota, seg\u00fan fuentes parlamentarias, los legisladores que apoyaron la admisi\u00f3n al debate del pedido de Renovaci\u00f3n Popular se encontraban en la sala Francisco Bolognesi analizando c\u00f3mo obtener los 87 votos.<\/p>\n\n\n\n<p>Se encuentran esta vez contra el reloj: el 15 de diciembre vence la legislatura.<\/p>\n\n\n\n<p>Aprovechan crisis para sus contrarreformas<br>Lo que s\u00ed consiguieron previamente es un nuevo golpe contra la educaci\u00f3n universitaria al ampliar hasta el 2025 el plazo para que los docentes universitarios sin especializaci\u00f3n puedan conseguir un posgrado, y mientras eso, seguir dictando c\u00e1tedra. Esta contrarreforma tambi\u00e9n cont\u00f3 con el aval del fujicerronismo.<\/p>\n\n\n\n<p>Organismos internacionales rechazan esta amenaza<br>La Comisi\u00f3n Interamericana de Derechos Humanos record\u00f3 al Estado peruano \u201cque todos los procedimientos que puedan resultar en las destituciones de personas operadoras de justicia deben guiarse por el principio de legalidad y el debido proceso\u201d. Indic\u00f3 que los controles pol\u00edticos de las personas operadoras de justicia \u201cbasados en criterios de discrecionalidad o razones pol\u00edticas resultan contrarios a las garant\u00edas de independencia\u201d.<\/p>\n\n\n\n<p>La Oficina en Washington para Asuntos Latinoamericanos (WOLA), el Centro por la Justicia (Cejil) y la Fundaci\u00f3n para el Debido Proceso (DPLF) indican: \u201cAlertamos a la comunidad internacional de que la remoci\u00f3n masiva e inmediata de los miembros de la JNJ, sin permitirles ejercer su derecho de defensa ni observar un debido proceso, es un ataque institucional prohibido por derecho internacional\u201d. Supone \u201cun quiebre al orden constitucional\u201d.<\/p>\n","protected":false},"excerpt":{"rendered":"<p>El Pleno del Congreso admiti\u00f3 a debate la moci\u00f3n de orden del d\u00eda para remover a los miembros de la Junta Nacional de Justicia (JNJ) con 69 votos a favor, 30 en contra y 17 abstenciones.<\/p>\n","protected":false},"author":10,"featured_media":913,"comment_status":"open","ping_status":"open","sticky":false,"template":"","format":"standard","meta":{"footnotes":""},"categories":[183,174,180],"tags":[195],"class_list":["post-912","post","type-post","status-publish","format-standard","has-post-thumbnail","hentry","category-actualidad","category-nacional","category-politica","tag-jnj"],"yoast_head":"<!-- This site is optimized with the Yoast SEO plugin v27.4 - https:\/\/yoast.com\/product\/yoast-seo-wordpress\/ -->\n<title>JNJ: avanza la venganza del Congreso contra sus magistrados - Pulso27<\/title>\n<meta name=\"robots\" content=\"index, follow, max-snippet:-1, max-image-preview:large, max-video-preview:-1\" \/>\n<link rel=\"canonical\" href=\"https:\/\/pulso27.com\/es\/nacional\/jnj-avanza-la-venganza-del-congreso-contra-sus-magistrados\/\" \/>\n<meta property=\"og:locale\" content=\"es_ES\" \/>\n<meta property=\"og:type\" content=\"article\" \/>\n<meta property=\"og:title\" content=\"JNJ: avanza la venganza del Congreso contra sus magistrados - Pulso27\" \/>\n<meta property=\"og:description\" content=\"El Pleno del Congreso admiti\u00f3 a debate la moci\u00f3n de orden del d\u00eda para remover a los miembros de la Junta Nacional de Justicia (JNJ) con 69 votos a favor, 30 en contra y 17 abstenciones.\" \/>\n<meta property=\"og:url\" content=\"https:\/\/pulso27.com\/es\/nacional\/jnj-avanza-la-venganza-del-congreso-contra-sus-magistrados\/\" \/>\n<meta property=\"og:site_name\" content=\"Pulso27\" \/>\n<meta property=\"article:publisher\" content=\"https:\/\/www.facebook.com\/pulso27\/\" \/>\n<meta property=\"article:published_time\" content=\"2023-12-14T13:40:55+00:00\" \/>\n<meta property=\"og:image\" content=\"https:\/\/pulso27.com\/wp-content\/uploads\/2023\/12\/jnj.png\" \/>\n\t<meta property=\"og:image:width\" content=\"943\" \/>\n\t<meta property=\"og:image:height\" content=\"555\" \/>\n\t<meta property=\"og:image:type\" content=\"image\/png\" \/>\n<meta name=\"author\" content=\"El Muki\" \/>\n<meta name=\"twitter:card\" content=\"summary_large_image\" \/>\n<meta name=\"twitter:creator\" content=\"@Pulso_27\" \/>\n<meta name=\"twitter:site\" content=\"@Pulso_27\" \/>\n<meta name=\"twitter:label1\" content=\"Written by\" \/>\n\t<meta name=\"twitter:data1\" content=\"El Muki\" \/>\n\t<meta name=\"twitter:label2\" content=\"Est. reading time\" \/>\n\t<meta name=\"twitter:data2\" content=\"4 minutos\" \/>\n<script type=\"application\/ld+json\" class=\"yoast-schema-graph\">{\"@context\":\"https:\\\/\\\/schema.org\",\"@graph\":[{\"@type\":\"Article\",\"@id\":\"https:\\\/\\\/pulso27.com\\\/nacional\\\/jnj-avanza-la-venganza-del-congreso-contra-sus-magistrados\\\/#article\",\"isPartOf\":{\"@id\":\"https:\\\/\\\/pulso27.com\\\/nacional\\\/jnj-avanza-la-venganza-del-congreso-contra-sus-magistrados\\\/\"},\"author\":{\"name\":\"El Muki\",\"@id\":\"https:\\\/\\\/pulso27.com\\\/en\\\/#\\\/schema\\\/person\\\/a0930a7f318e7d9d83bd7cffed9f34f6\"},\"headline\":\"JNJ: avanza la venganza del Congreso contra sus magistrados\",\"datePublished\":\"2023-12-14T13:40:55+00:00\",\"mainEntityOfPage\":{\"@id\":\"https:\\\/\\\/pulso27.com\\\/nacional\\\/jnj-avanza-la-venganza-del-congreso-contra-sus-magistrados\\\/\"},\"wordCount\":758,\"commentCount\":0,\"publisher\":{\"@id\":\"https:\\\/\\\/pulso27.com\\\/en\\\/#organization\"},\"image\":{\"@id\":\"https:\\\/\\\/pulso27.com\\\/nacional\\\/jnj-avanza-la-venganza-del-congreso-contra-sus-magistrados\\\/#primaryimage\"},\"thumbnailUrl\":\"https:\\\/\\\/pulso27.com\\\/wp-content\\\/uploads\\\/2023\\\/12\\\/jnj.png\",\"keywords\":[\"JNJ\"],\"articleSection\":[\"Actualidad\",\"Nacional\",\"Pol\u00edtica\"],\"inLanguage\":\"es-PE\",\"potentialAction\":[{\"@type\":\"CommentAction\",\"name\":\"Comment\",\"target\":[\"https:\\\/\\\/pulso27.com\\\/nacional\\\/jnj-avanza-la-venganza-del-congreso-contra-sus-magistrados\\\/#respond\"]}]},{\"@type\":\"WebPage\",\"@id\":\"https:\\\/\\\/pulso27.com\\\/nacional\\\/jnj-avanza-la-venganza-del-congreso-contra-sus-magistrados\\\/\",\"url\":\"https:\\\/\\\/pulso27.com\\\/nacional\\\/jnj-avanza-la-venganza-del-congreso-contra-sus-magistrados\\\/\",\"name\":\"JNJ: avanza la venganza del Congreso contra sus magistrados - Pulso27\",\"isPartOf\":{\"@id\":\"https:\\\/\\\/pulso27.com\\\/en\\\/#website\"},\"primaryImageOfPage\":{\"@id\":\"https:\\\/\\\/pulso27.com\\\/nacional\\\/jnj-avanza-la-venganza-del-congreso-contra-sus-magistrados\\\/#primaryimage\"},\"image\":{\"@id\":\"https:\\\/\\\/pulso27.com\\\/nacional\\\/jnj-avanza-la-venganza-del-congreso-contra-sus-magistrados\\\/#primaryimage\"},\"thumbnailUrl\":\"https:\\\/\\\/pulso27.com\\\/wp-content\\\/uploads\\\/2023\\\/12\\\/jnj.png\",\"datePublished\":\"2023-12-14T13:40:55+00:00\",\"breadcrumb\":{\"@id\":\"https:\\\/\\\/pulso27.com\\\/nacional\\\/jnj-avanza-la-venganza-del-congreso-contra-sus-magistrados\\\/#breadcrumb\"},\"inLanguage\":\"es-PE\",\"potentialAction\":[{\"@type\":\"ReadAction\",\"target\":[\"https:\\\/\\\/pulso27.com\\\/nacional\\\/jnj-avanza-la-venganza-del-congreso-contra-sus-magistrados\\\/\"]}]},{\"@type\":\"ImageObject\",\"inLanguage\":\"es-PE\",\"@id\":\"https:\\\/\\\/pulso27.com\\\/nacional\\\/jnj-avanza-la-venganza-del-congreso-contra-sus-magistrados\\\/#primaryimage\",\"url\":\"https:\\\/\\\/pulso27.com\\\/wp-content\\\/uploads\\\/2023\\\/12\\\/jnj.png\",\"contentUrl\":\"https:\\\/\\\/pulso27.com\\\/wp-content\\\/uploads\\\/2023\\\/12\\\/jnj.png\",\"width\":943,\"height\":555},{\"@type\":\"BreadcrumbList\",\"@id\":\"https:\\\/\\\/pulso27.com\\\/nacional\\\/jnj-avanza-la-venganza-del-congreso-contra-sus-magistrados\\\/#breadcrumb\",\"itemListElement\":[{\"@type\":\"ListItem\",\"position\":1,\"name\":\"Portada\",\"item\":\"https:\\\/\\\/pulso27.com\\\/\"},{\"@type\":\"ListItem\",\"position\":2,\"name\":\"JNJ: avanza la venganza del Congreso contra sus magistrados\"}]},{\"@type\":\"WebSite\",\"@id\":\"https:\\\/\\\/pulso27.com\\\/en\\\/#website\",\"url\":\"https:\\\/\\\/pulso27.com\\\/en\\\/\",\"name\":\"Pulso27\",\"description\":\"Web de noticias y publicidad\",\"publisher\":{\"@id\":\"https:\\\/\\\/pulso27.com\\\/en\\\/#organization\"},\"alternateName\":\"El pulso del pueblo\",\"potentialAction\":[{\"@type\":\"SearchAction\",\"target\":{\"@type\":\"EntryPoint\",\"urlTemplate\":\"https:\\\/\\\/pulso27.com\\\/en\\\/?s={search_term_string}\"},\"query-input\":{\"@type\":\"PropertyValueSpecification\",\"valueRequired\":true,\"valueName\":\"search_term_string\"}}],\"inLanguage\":\"es-PE\"},{\"@type\":\"Organization\",\"@id\":\"https:\\\/\\\/pulso27.com\\\/en\\\/#organization\",\"name\":\"Pulso27\",\"url\":\"https:\\\/\\\/pulso27.com\\\/en\\\/\",\"logo\":{\"@type\":\"ImageObject\",\"inLanguage\":\"es-PE\",\"@id\":\"https:\\\/\\\/pulso27.com\\\/en\\\/#\\\/schema\\\/logo\\\/image\\\/\",\"url\":\"https:\\\/\\\/pulso27.com\\\/wp-content\\\/uploads\\\/2026\\\/02\\\/Logotipo-de-la-organizacion-696-x-696-px-ok.png\",\"contentUrl\":\"https:\\\/\\\/pulso27.com\\\/wp-content\\\/uploads\\\/2026\\\/02\\\/Logotipo-de-la-organizacion-696-x-696-px-ok.png\",\"width\":696,\"height\":696,\"caption\":\"Pulso27\"},\"image\":{\"@id\":\"https:\\\/\\\/pulso27.com\\\/en\\\/#\\\/schema\\\/logo\\\/image\\\/\"},\"sameAs\":[\"https:\\\/\\\/www.facebook.com\\\/pulso27\\\/\",\"https:\\\/\\\/x.com\\\/Pulso_27\",\"https:\\\/\\\/www.youtube.com\\\/@Pulso27\",\"https:\\\/\\\/www.tiktok.com\\\/@pulso_27\"]},{\"@type\":\"Person\",\"@id\":\"https:\\\/\\\/pulso27.com\\\/en\\\/#\\\/schema\\\/person\\\/a0930a7f318e7d9d83bd7cffed9f34f6\",\"name\":\"El Muki\",\"image\":{\"@type\":\"ImageObject\",\"inLanguage\":\"es-PE\",\"@id\":\"https:\\\/\\\/secure.gravatar.com\\\/avatar\\\/dc91c2607c5eebda74cbb40d13031f489096c96ead89c4c30c17db262267b2b3?s=96&d=mm&r=g\",\"url\":\"https:\\\/\\\/secure.gravatar.com\\\/avatar\\\/dc91c2607c5eebda74cbb40d13031f489096c96ead89c4c30c17db262267b2b3?s=96&d=mm&r=g\",\"contentUrl\":\"https:\\\/\\\/secure.gravatar.com\\\/avatar\\\/dc91c2607c5eebda74cbb40d13031f489096c96ead89c4c30c17db262267b2b3?s=96&d=mm&r=g\",\"caption\":\"El Muki\"},\"sameAs\":[\"http:\\\/\\\/www.pulso27.com\"],\"url\":\"https:\\\/\\\/pulso27.com\\\/es\\\/author\\\/elcuervo\\\/\"}]}<\/script>\n<!-- \/ Yoast SEO plugin. -->","yoast_head_json":{"title":"JNJ: avanza la venganza del Congreso contra sus magistrados - Pulso27","robots":{"index":"index","follow":"follow","max-snippet":"max-snippet:-1","max-image-preview":"max-image-preview:large","max-video-preview":"max-video-preview:-1"},"canonical":"https:\/\/pulso27.com\/es\/nacional\/jnj-avanza-la-venganza-del-congreso-contra-sus-magistrados\/","og_locale":"es_ES","og_type":"article","og_title":"JNJ: avanza la venganza del Congreso contra sus magistrados - Pulso27","og_description":"El Pleno del Congreso admiti\u00f3 a debate la moci\u00f3n de orden del d\u00eda para remover a los miembros de la Junta Nacional de Justicia (JNJ) con 69 votos a favor, 30 en contra y 17 abstenciones.","og_url":"https:\/\/pulso27.com\/es\/nacional\/jnj-avanza-la-venganza-del-congreso-contra-sus-magistrados\/","og_site_name":"Pulso27","article_publisher":"https:\/\/www.facebook.com\/pulso27\/","article_published_time":"2023-12-14T13:40:55+00:00","og_image":[{"width":943,"height":555,"url":"https:\/\/pulso27.com\/wp-content\/uploads\/2023\/12\/jnj.png","type":"image\/png"}],"author":"El Muki","twitter_card":"summary_large_image","twitter_creator":"@Pulso_27","twitter_site":"@Pulso_27","twitter_misc":{"Written by":"El Muki","Est. reading time":"4 minutos"},"schema":{"@context":"https:\/\/schema.org","@graph":[{"@type":"Article","@id":"https:\/\/pulso27.com\/nacional\/jnj-avanza-la-venganza-del-congreso-contra-sus-magistrados\/#article","isPartOf":{"@id":"https:\/\/pulso27.com\/nacional\/jnj-avanza-la-venganza-del-congreso-contra-sus-magistrados\/"},"author":{"name":"El Muki","@id":"https:\/\/pulso27.com\/en\/#\/schema\/person\/a0930a7f318e7d9d83bd7cffed9f34f6"},"headline":"JNJ: avanza la venganza del Congreso contra sus magistrados","datePublished":"2023-12-14T13:40:55+00:00","mainEntityOfPage":{"@id":"https:\/\/pulso27.com\/nacional\/jnj-avanza-la-venganza-del-congreso-contra-sus-magistrados\/"},"wordCount":758,"commentCount":0,"publisher":{"@id":"https:\/\/pulso27.com\/en\/#organization"},"image":{"@id":"https:\/\/pulso27.com\/nacional\/jnj-avanza-la-venganza-del-congreso-contra-sus-magistrados\/#primaryimage"},"thumbnailUrl":"https:\/\/pulso27.com\/wp-content\/uploads\/2023\/12\/jnj.png","keywords":["JNJ"],"articleSection":["Actualidad","Nacional","Pol\u00edtica"],"inLanguage":"es-PE","potentialAction":[{"@type":"CommentAction","name":"Comment","target":["https:\/\/pulso27.com\/nacional\/jnj-avanza-la-venganza-del-congreso-contra-sus-magistrados\/#respond"]}]},{"@type":"WebPage","@id":"https:\/\/pulso27.com\/nacional\/jnj-avanza-la-venganza-del-congreso-contra-sus-magistrados\/","url":"https:\/\/pulso27.com\/nacional\/jnj-avanza-la-venganza-del-congreso-contra-sus-magistrados\/","name":"JNJ: avanza la venganza del Congreso contra sus magistrados - Pulso27","isPartOf":{"@id":"https:\/\/pulso27.com\/en\/#website"},"primaryImageOfPage":{"@id":"https:\/\/pulso27.com\/nacional\/jnj-avanza-la-venganza-del-congreso-contra-sus-magistrados\/#primaryimage"},"image":{"@id":"https:\/\/pulso27.com\/nacional\/jnj-avanza-la-venganza-del-congreso-contra-sus-magistrados\/#primaryimage"},"thumbnailUrl":"https:\/\/pulso27.com\/wp-content\/uploads\/2023\/12\/jnj.png","datePublished":"2023-12-14T13:40:55+00:00","breadcrumb":{"@id":"https:\/\/pulso27.com\/nacional\/jnj-avanza-la-venganza-del-congreso-contra-sus-magistrados\/#breadcrumb"},"inLanguage":"es-PE","potentialAction":[{"@type":"ReadAction","target":["https:\/\/pulso27.com\/nacional\/jnj-avanza-la-venganza-del-congreso-contra-sus-magistrados\/"]}]},{"@type":"ImageObject","inLanguage":"es-PE","@id":"https:\/\/pulso27.com\/nacional\/jnj-avanza-la-venganza-del-congreso-contra-sus-magistrados\/#primaryimage","url":"https:\/\/pulso27.com\/wp-content\/uploads\/2023\/12\/jnj.png","contentUrl":"https:\/\/pulso27.com\/wp-content\/uploads\/2023\/12\/jnj.png","width":943,"height":555},{"@type":"BreadcrumbList","@id":"https:\/\/pulso27.com\/nacional\/jnj-avanza-la-venganza-del-congreso-contra-sus-magistrados\/#breadcrumb","itemListElement":[{"@type":"ListItem","position":1,"name":"Portada","item":"https:\/\/pulso27.com\/"},{"@type":"ListItem","position":2,"name":"JNJ: avanza la venganza del Congreso contra sus magistrados"}]},{"@type":"WebSite","@id":"https:\/\/pulso27.com\/en\/#website","url":"https:\/\/pulso27.com\/en\/","name":"Pulso27","description":"Web de noticias y publicidad","publisher":{"@id":"https:\/\/pulso27.com\/en\/#organization"},"alternateName":"El pulso del pueblo","potentialAction":[{"@type":"SearchAction","target":{"@type":"EntryPoint","urlTemplate":"https:\/\/pulso27.com\/en\/?s={search_term_string}"},"query-input":{"@type":"PropertyValueSpecification","valueRequired":true,"valueName":"search_term_string"}}],"inLanguage":"es-PE"},{"@type":"Organization","@id":"https:\/\/pulso27.com\/en\/#organization","name":"Pulso27","url":"https:\/\/pulso27.com\/en\/","logo":{"@type":"ImageObject","inLanguage":"es-PE","@id":"https:\/\/pulso27.com\/en\/#\/schema\/logo\/image\/","url":"https:\/\/pulso27.com\/wp-content\/uploads\/2026\/02\/Logotipo-de-la-organizacion-696-x-696-px-ok.png","contentUrl":"https:\/\/pulso27.com\/wp-content\/uploads\/2026\/02\/Logotipo-de-la-organizacion-696-x-696-px-ok.png","width":696,"height":696,"caption":"Pulso27"},"image":{"@id":"https:\/\/pulso27.com\/en\/#\/schema\/logo\/image\/"},"sameAs":["https:\/\/www.facebook.com\/pulso27\/","https:\/\/x.com\/Pulso_27","https:\/\/www.youtube.com\/@Pulso27","https:\/\/www.tiktok.com\/@pulso_27"]},{"@type":"Person","@id":"https:\/\/pulso27.com\/en\/#\/schema\/person\/a0930a7f318e7d9d83bd7cffed9f34f6","name":"El Muki","image":{"@type":"ImageObject","inLanguage":"es-PE","@id":"https:\/\/secure.gravatar.com\/avatar\/dc91c2607c5eebda74cbb40d13031f489096c96ead89c4c30c17db262267b2b3?s=96&d=mm&r=g","url":"https:\/\/secure.gravatar.com\/avatar\/dc91c2607c5eebda74cbb40d13031f489096c96ead89c4c30c17db262267b2b3?s=96&d=mm&r=g","contentUrl":"https:\/\/secure.gravatar.com\/avatar\/dc91c2607c5eebda74cbb40d13031f489096c96ead89c4c30c17db262267b2b3?s=96&d=mm&r=g","caption":"El Muki"},"sameAs":["http:\/\/www.pulso27.com"],"url":"https:\/\/pulso27.com\/es\/author\/elcuervo\/"}]}},"amp_enabled":true,"_links":{"self":[{"href":"https:\/\/pulso27.com\/es\/wp-json\/wp\/v2\/posts\/912","targetHints":{"allow":["GET"]}}],"collection":[{"href":"https:\/\/pulso27.com\/es\/wp-json\/wp\/v2\/posts"}],"about":[{"href":"https:\/\/pulso27.com\/es\/wp-json\/wp\/v2\/types\/post"}],"author":[{"embeddable":true,"href":"https:\/\/pulso27.com\/es\/wp-json\/wp\/v2\/users\/10"}],"replies":[{"embeddable":true,"href":"https:\/\/pulso27.com\/es\/wp-json\/wp\/v2\/comments?post=912"}],"version-history":[{"count":1,"href":"https:\/\/pulso27.com\/es\/wp-json\/wp\/v2\/posts\/912\/revisions"}],"predecessor-version":[{"id":914,"href":"https:\/\/pulso27.com\/es\/wp-json\/wp\/v2\/posts\/912\/revisions\/914"}],"wp:featuredmedia":[{"embeddable":true,"href":"https:\/\/pulso27.com\/es\/wp-json\/wp\/v2\/media\/913"}],"wp:attachment":[{"href":"https:\/\/pulso27.com\/es\/wp-json\/wp\/v2\/media?parent=912"}],"wp:term":[{"taxonomy":"category","embeddable":true,"href":"https:\/\/pulso27.com\/es\/wp-json\/wp\/v2\/categories?post=912"},{"taxonomy":"post_tag","embeddable":true,"href":"https:\/\/pulso27.com\/es\/wp-json\/wp\/v2\/tags?post=912"}],"curies":[{"name":"wp","href":"https:\/\/api.w.org\/{rel}","templated":true}]}}