{"id":935,"date":"2023-12-14T21:24:15","date_gmt":"2023-12-14T21:24:15","guid":{"rendered":"https:\/\/pulso27.com\/?p=935"},"modified":"2023-12-14T21:24:52","modified_gmt":"2023-12-14T21:24:52","slug":"congresista-lizarzaburu-y-su-comentario-sexista-sobre-patricia-juarez-en-sesion-del-congreso","status":"publish","type":"post","link":"https:\/\/pulso27.com\/es\/nacional\/congresista-lizarzaburu-y-su-comentario-sexista-sobre-patricia-juarez-en-sesion-del-congreso\/","title":{"rendered":"Congresista Lizarzaburu y su comentario sexista sobre Patricia Ju\u00e1rez en sesi\u00f3n del Congreso"},"content":{"rendered":"\n<p>El congresista de Fuerza Popular, Juan Carlos Lizarzaburu, dijo que ya le pidi\u00f3 disculpas a su colega de bancada, Patricia Ju\u00e1rez.<\/p>\n\n\n\n<p>Un incidente bochornoso se registr\u00f3 el mi\u00e9rcoles, 13 de diciembre, durante una sesi\u00f3n de la Subcomisi\u00f3n de Acusaciones Constitucionales del Congreso, cuando el congresista de Fuerza Popular, Juan Carlos Lizarzaburu, emiti\u00f3 un comentario sexista en agravio de su colega de bancada, Patricia Ju\u00e1rez.<\/p>\n\n\n\n<p>Despu\u00e9s de que el relator de la subcomisi\u00f3n diera cuenta de la votaci\u00f3n de Ju\u00e1rez, el parlamentario no se percat\u00f3 que ten\u00eda prendido su micr\u00f3fono y dijo textualmente: \u201cTodas se ponen sostenes con relleno y Patty Ju\u00e1rez no es la excepci\u00f3n, tiene unas te\u2026 Ya las mir\u00e9 bien, ya\u201d.<\/p>\n\n\n\n<blockquote class=\"wp-block-quote is-layout-flow wp-block-quote-is-layout-flow\">\n<p> \u201cTodas se ponen sostenes con relleno y Patty Ju\u00e1rez no es la excepci\u00f3n, tiene unas te\u2026 Ya las mir\u00e9 bien, ya\u201d.<\/p>\n<\/blockquote>\n\n\n\n<p>A pesar de la gravedad de estas declaraciones, la sesi\u00f3n semipresencial del grupo de trabajo, que encabeza Lady Camones (Alianza para el Progreso), transcurri\u00f3 con normalidad, puesto que se siguieron consignando los votos de los parlamentarios.<\/p>\n\n\n\n<p>Apenas un legislador se\u00f1al\u00f3: \u201c\u00a1Apaga ese micro!\u201d.<\/p>\n\n\n\n<p>Desde los pasillos del Palacio Legislativo, Lizarzaburu confirm\u00f3 ser autor de las expresiones y trat\u00f3 de justificarse, al decir que se trat\u00f3 de una conversaci\u00f3n \u201ccoloquial\u201d que sostuvo con un colega parlamentario y un asesor.<\/p>\n\n\n\n<p>Coment\u00f3 que ya le pidi\u00f3 disculpas a Patricia Ju\u00e1rez y que ambos mantienen una relaci\u00f3n amical. Tambi\u00e9n descart\u00f3 que se trate de un caso de acoso sexual. \u201cQu\u00edtenle hierro al asunto\u201d, aleg\u00f3.<\/p>\n\n\n\n<p>\u201cSoy yo. Lamento que se haya filtrado, a trav\u00e9s de los micr\u00f3fonos, una conversaci\u00f3n privada con un congresista y un asesor hablando sobre las bondades de la anatom\u00eda de las f\u00e9minas. Con mucho respeto, la persona aludida [Patricia Ju\u00e1rez] ha sido la primera en enterarse. Con ella mantengo una excelente relaci\u00f3n, la quiero mucho y es mi amiga\u201d, declar\u00f3 a los medios de comunicaci\u00f3n.<\/p>\n\n\n\n<p>Posteriormente, Lizarzaburu se retir\u00f3 con una sonrisa dibujada en el rostro; como se aprecia en la foto de portada del video.<\/p>\n\n\n\n<p><strong>MIMP rechaz\u00f3 expresiones del congresista fujimorista<\/strong><br>El Ministerio de la Mujer y Poblaciones Vulnerables (MIMP) emiti\u00f3 un comunicado en el que rechaz\u00f3 las declaraciones del congresista fujimorista.<\/p>\n\n\n\n<p>\u201cLe recordamos que el respeto a la dignidad de todas las personas, y en especial la de las mujeres, es un mandato constitucional, y que la discriminaci\u00f3n es un delito contra la humanidad sancionado en el C\u00f3digo Penal\u201d, se lee en la cuenta de X (antes Twitter).<\/p>\n\n\n\n<p>Fuente: RPP<\/p>\n","protected":false},"excerpt":{"rendered":"<p>Congresista de Fuerza Popular, Juan Carlos Lizarzaburu, dijo que ya le pidi\u00f3 disculpas a su colega de bancada, Patricia Ju\u00e1rez.<\/p>\n","protected":false},"author":10,"featured_media":936,"comment_status":"open","ping_status":"open","sticky":false,"template":"","format":"standard","meta":{"footnotes":""},"categories":[183,174],"tags":[405,407,406],"class_list":["post-935","post","type-post","status-publish","format-standard","has-post-thumbnail","hentry","category-actualidad","category-nacional","tag-lizarzaburu","tag-mimp","tag-patricia-juarez"],"yoast_head":"<!-- This site is optimized with the Yoast SEO plugin v27.4 - https:\/\/yoast.com\/product\/yoast-seo-wordpress\/ -->\n<title>Congresista Lizarzaburu y su comentario sexista sobre Patricia Ju\u00e1rez en sesi\u00f3n del Congreso - Pulso27<\/title>\n<meta name=\"robots\" content=\"index, follow, max-snippet:-1, max-image-preview:large, max-video-preview:-1\" \/>\n<link rel=\"canonical\" href=\"https:\/\/pulso27.com\/es\/nacional\/congresista-lizarzaburu-y-su-comentario-sexista-sobre-patricia-juarez-en-sesion-del-congreso\/\" \/>\n<meta property=\"og:locale\" content=\"es_ES\" \/>\n<meta property=\"og:type\" content=\"article\" \/>\n<meta property=\"og:title\" content=\"Congresista Lizarzaburu y su comentario sexista sobre Patricia Ju\u00e1rez en sesi\u00f3n del Congreso - Pulso27\" \/>\n<meta property=\"og:description\" content=\"Congresista de Fuerza Popular, Juan Carlos Lizarzaburu, dijo que ya le pidi\u00f3 disculpas a su colega de bancada, Patricia Ju\u00e1rez.\" \/>\n<meta property=\"og:url\" content=\"https:\/\/pulso27.com\/es\/nacional\/congresista-lizarzaburu-y-su-comentario-sexista-sobre-patricia-juarez-en-sesion-del-congreso\/\" \/>\n<meta property=\"og:site_name\" content=\"Pulso27\" \/>\n<meta property=\"article:publisher\" content=\"https:\/\/www.facebook.com\/pulso27\/\" \/>\n<meta property=\"article:published_time\" content=\"2023-12-14T21:24:15+00:00\" \/>\n<meta property=\"article:modified_time\" content=\"2023-12-14T21:24:52+00:00\" \/>\n<meta property=\"og:image\" content=\"https:\/\/pulso27.com\/wp-content\/uploads\/2023\/12\/Lizarzaburu-Juarez.png\" \/>\n\t<meta property=\"og:image:width\" content=\"779\" \/>\n\t<meta property=\"og:image:height\" content=\"391\" \/>\n\t<meta property=\"og:image:type\" content=\"image\/png\" \/>\n<meta name=\"author\" content=\"El Muki\" \/>\n<meta name=\"twitter:card\" content=\"summary_large_image\" \/>\n<meta name=\"twitter:creator\" content=\"@Pulso_27\" \/>\n<meta name=\"twitter:site\" content=\"@Pulso_27\" \/>\n<meta name=\"twitter:label1\" content=\"Written by\" \/>\n\t<meta name=\"twitter:data1\" content=\"El Muki\" \/>\n\t<meta name=\"twitter:label2\" content=\"Est. reading time\" \/>\n\t<meta name=\"twitter:data2\" content=\"2 minutos\" \/>\n<script type=\"application\/ld+json\" class=\"yoast-schema-graph\">{\"@context\":\"https:\\\/\\\/schema.org\",\"@graph\":[{\"@type\":\"Article\",\"@id\":\"https:\\\/\\\/pulso27.com\\\/nacional\\\/congresista-lizarzaburu-y-su-comentario-sexista-sobre-patricia-juarez-en-sesion-del-congreso\\\/#article\",\"isPartOf\":{\"@id\":\"https:\\\/\\\/pulso27.com\\\/nacional\\\/congresista-lizarzaburu-y-su-comentario-sexista-sobre-patricia-juarez-en-sesion-del-congreso\\\/\"},\"author\":{\"name\":\"El Muki\",\"@id\":\"https:\\\/\\\/pulso27.com\\\/en\\\/#\\\/schema\\\/person\\\/a0930a7f318e7d9d83bd7cffed9f34f6\"},\"headline\":\"Congresista Lizarzaburu y su comentario sexista sobre Patricia Ju\u00e1rez en sesi\u00f3n del Congreso\",\"datePublished\":\"2023-12-14T21:24:15+00:00\",\"dateModified\":\"2023-12-14T21:24:52+00:00\",\"mainEntityOfPage\":{\"@id\":\"https:\\\/\\\/pulso27.com\\\/nacional\\\/congresista-lizarzaburu-y-su-comentario-sexista-sobre-patricia-juarez-en-sesion-del-congreso\\\/\"},\"wordCount\":451,\"commentCount\":0,\"publisher\":{\"@id\":\"https:\\\/\\\/pulso27.com\\\/en\\\/#organization\"},\"image\":{\"@id\":\"https:\\\/\\\/pulso27.com\\\/nacional\\\/congresista-lizarzaburu-y-su-comentario-sexista-sobre-patricia-juarez-en-sesion-del-congreso\\\/#primaryimage\"},\"thumbnailUrl\":\"https:\\\/\\\/pulso27.com\\\/wp-content\\\/uploads\\\/2023\\\/12\\\/Lizarzaburu-Juarez.png\",\"keywords\":[\"Lizarzaburu\",\"MIMP\",\"Patricia Juarez\"],\"articleSection\":[\"Actualidad\",\"Nacional\"],\"inLanguage\":\"es-PE\",\"potentialAction\":[{\"@type\":\"CommentAction\",\"name\":\"Comment\",\"target\":[\"https:\\\/\\\/pulso27.com\\\/nacional\\\/congresista-lizarzaburu-y-su-comentario-sexista-sobre-patricia-juarez-en-sesion-del-congreso\\\/#respond\"]}]},{\"@type\":\"WebPage\",\"@id\":\"https:\\\/\\\/pulso27.com\\\/nacional\\\/congresista-lizarzaburu-y-su-comentario-sexista-sobre-patricia-juarez-en-sesion-del-congreso\\\/\",\"url\":\"https:\\\/\\\/pulso27.com\\\/nacional\\\/congresista-lizarzaburu-y-su-comentario-sexista-sobre-patricia-juarez-en-sesion-del-congreso\\\/\",\"name\":\"Congresista Lizarzaburu y su comentario sexista sobre Patricia Ju\u00e1rez en sesi\u00f3n del Congreso - Pulso27\",\"isPartOf\":{\"@id\":\"https:\\\/\\\/pulso27.com\\\/en\\\/#website\"},\"primaryImageOfPage\":{\"@id\":\"https:\\\/\\\/pulso27.com\\\/nacional\\\/congresista-lizarzaburu-y-su-comentario-sexista-sobre-patricia-juarez-en-sesion-del-congreso\\\/#primaryimage\"},\"image\":{\"@id\":\"https:\\\/\\\/pulso27.com\\\/nacional\\\/congresista-lizarzaburu-y-su-comentario-sexista-sobre-patricia-juarez-en-sesion-del-congreso\\\/#primaryimage\"},\"thumbnailUrl\":\"https:\\\/\\\/pulso27.com\\\/wp-content\\\/uploads\\\/2023\\\/12\\\/Lizarzaburu-Juarez.png\",\"datePublished\":\"2023-12-14T21:24:15+00:00\",\"dateModified\":\"2023-12-14T21:24:52+00:00\",\"breadcrumb\":{\"@id\":\"https:\\\/\\\/pulso27.com\\\/nacional\\\/congresista-lizarzaburu-y-su-comentario-sexista-sobre-patricia-juarez-en-sesion-del-congreso\\\/#breadcrumb\"},\"inLanguage\":\"es-PE\",\"potentialAction\":[{\"@type\":\"ReadAction\",\"target\":[\"https:\\\/\\\/pulso27.com\\\/nacional\\\/congresista-lizarzaburu-y-su-comentario-sexista-sobre-patricia-juarez-en-sesion-del-congreso\\\/\"]}]},{\"@type\":\"ImageObject\",\"inLanguage\":\"es-PE\",\"@id\":\"https:\\\/\\\/pulso27.com\\\/nacional\\\/congresista-lizarzaburu-y-su-comentario-sexista-sobre-patricia-juarez-en-sesion-del-congreso\\\/#primaryimage\",\"url\":\"https:\\\/\\\/pulso27.com\\\/wp-content\\\/uploads\\\/2023\\\/12\\\/Lizarzaburu-Juarez.png\",\"contentUrl\":\"https:\\\/\\\/pulso27.com\\\/wp-content\\\/uploads\\\/2023\\\/12\\\/Lizarzaburu-Juarez.png\",\"width\":779,\"height\":391},{\"@type\":\"BreadcrumbList\",\"@id\":\"https:\\\/\\\/pulso27.com\\\/nacional\\\/congresista-lizarzaburu-y-su-comentario-sexista-sobre-patricia-juarez-en-sesion-del-congreso\\\/#breadcrumb\",\"itemListElement\":[{\"@type\":\"ListItem\",\"position\":1,\"name\":\"Portada\",\"item\":\"https:\\\/\\\/pulso27.com\\\/\"},{\"@type\":\"ListItem\",\"position\":2,\"name\":\"Congresista Lizarzaburu y su comentario sexista sobre Patricia Ju\u00e1rez en sesi\u00f3n del Congreso\"}]},{\"@type\":\"WebSite\",\"@id\":\"https:\\\/\\\/pulso27.com\\\/en\\\/#website\",\"url\":\"https:\\\/\\\/pulso27.com\\\/en\\\/\",\"name\":\"Pulso27\",\"description\":\"Web de noticias y publicidad\",\"publisher\":{\"@id\":\"https:\\\/\\\/pulso27.com\\\/en\\\/#organization\"},\"alternateName\":\"El pulso del pueblo\",\"potentialAction\":[{\"@type\":\"SearchAction\",\"target\":{\"@type\":\"EntryPoint\",\"urlTemplate\":\"https:\\\/\\\/pulso27.com\\\/en\\\/?s={search_term_string}\"},\"query-input\":{\"@type\":\"PropertyValueSpecification\",\"valueRequired\":true,\"valueName\":\"search_term_string\"}}],\"inLanguage\":\"es-PE\"},{\"@type\":\"Organization\",\"@id\":\"https:\\\/\\\/pulso27.com\\\/en\\\/#organization\",\"name\":\"Pulso27\",\"url\":\"https:\\\/\\\/pulso27.com\\\/en\\\/\",\"logo\":{\"@type\":\"ImageObject\",\"inLanguage\":\"es-PE\",\"@id\":\"https:\\\/\\\/pulso27.com\\\/en\\\/#\\\/schema\\\/logo\\\/image\\\/\",\"url\":\"https:\\\/\\\/pulso27.com\\\/wp-content\\\/uploads\\\/2026\\\/02\\\/Logotipo-de-la-organizacion-696-x-696-px-ok.png\",\"contentUrl\":\"https:\\\/\\\/pulso27.com\\\/wp-content\\\/uploads\\\/2026\\\/02\\\/Logotipo-de-la-organizacion-696-x-696-px-ok.png\",\"width\":696,\"height\":696,\"caption\":\"Pulso27\"},\"image\":{\"@id\":\"https:\\\/\\\/pulso27.com\\\/en\\\/#\\\/schema\\\/logo\\\/image\\\/\"},\"sameAs\":[\"https:\\\/\\\/www.facebook.com\\\/pulso27\\\/\",\"https:\\\/\\\/x.com\\\/Pulso_27\",\"https:\\\/\\\/www.youtube.com\\\/@Pulso27\",\"https:\\\/\\\/www.tiktok.com\\\/@pulso_27\"]},{\"@type\":\"Person\",\"@id\":\"https:\\\/\\\/pulso27.com\\\/en\\\/#\\\/schema\\\/person\\\/a0930a7f318e7d9d83bd7cffed9f34f6\",\"name\":\"El Muki\",\"image\":{\"@type\":\"ImageObject\",\"inLanguage\":\"es-PE\",\"@id\":\"https:\\\/\\\/secure.gravatar.com\\\/avatar\\\/dc91c2607c5eebda74cbb40d13031f489096c96ead89c4c30c17db262267b2b3?s=96&d=mm&r=g\",\"url\":\"https:\\\/\\\/secure.gravatar.com\\\/avatar\\\/dc91c2607c5eebda74cbb40d13031f489096c96ead89c4c30c17db262267b2b3?s=96&d=mm&r=g\",\"contentUrl\":\"https:\\\/\\\/secure.gravatar.com\\\/avatar\\\/dc91c2607c5eebda74cbb40d13031f489096c96ead89c4c30c17db262267b2b3?s=96&d=mm&r=g\",\"caption\":\"El Muki\"},\"sameAs\":[\"http:\\\/\\\/www.pulso27.com\"],\"url\":\"https:\\\/\\\/pulso27.com\\\/es\\\/author\\\/elcuervo\\\/\"}]}<\/script>\n<!-- \/ Yoast SEO plugin. -->","yoast_head_json":{"title":"Congresista Lizarzaburu y su comentario sexista sobre Patricia Ju\u00e1rez en sesi\u00f3n del Congreso - Pulso27","robots":{"index":"index","follow":"follow","max-snippet":"max-snippet:-1","max-image-preview":"max-image-preview:large","max-video-preview":"max-video-preview:-1"},"canonical":"https:\/\/pulso27.com\/es\/nacional\/congresista-lizarzaburu-y-su-comentario-sexista-sobre-patricia-juarez-en-sesion-del-congreso\/","og_locale":"es_ES","og_type":"article","og_title":"Congresista Lizarzaburu y su comentario sexista sobre Patricia Ju\u00e1rez en sesi\u00f3n del Congreso - Pulso27","og_description":"Congresista de Fuerza Popular, Juan Carlos Lizarzaburu, dijo que ya le pidi\u00f3 disculpas a su colega de bancada, Patricia Ju\u00e1rez.","og_url":"https:\/\/pulso27.com\/es\/nacional\/congresista-lizarzaburu-y-su-comentario-sexista-sobre-patricia-juarez-en-sesion-del-congreso\/","og_site_name":"Pulso27","article_publisher":"https:\/\/www.facebook.com\/pulso27\/","article_published_time":"2023-12-14T21:24:15+00:00","article_modified_time":"2023-12-14T21:24:52+00:00","og_image":[{"width":779,"height":391,"url":"https:\/\/pulso27.com\/wp-content\/uploads\/2023\/12\/Lizarzaburu-Juarez.png","type":"image\/png"}],"author":"El Muki","twitter_card":"summary_large_image","twitter_creator":"@Pulso_27","twitter_site":"@Pulso_27","twitter_misc":{"Written by":"El Muki","Est. reading time":"2 minutos"},"schema":{"@context":"https:\/\/schema.org","@graph":[{"@type":"Article","@id":"https:\/\/pulso27.com\/nacional\/congresista-lizarzaburu-y-su-comentario-sexista-sobre-patricia-juarez-en-sesion-del-congreso\/#article","isPartOf":{"@id":"https:\/\/pulso27.com\/nacional\/congresista-lizarzaburu-y-su-comentario-sexista-sobre-patricia-juarez-en-sesion-del-congreso\/"},"author":{"name":"El Muki","@id":"https:\/\/pulso27.com\/en\/#\/schema\/person\/a0930a7f318e7d9d83bd7cffed9f34f6"},"headline":"Congresista Lizarzaburu y su comentario sexista sobre Patricia Ju\u00e1rez en sesi\u00f3n del Congreso","datePublished":"2023-12-14T21:24:15+00:00","dateModified":"2023-12-14T21:24:52+00:00","mainEntityOfPage":{"@id":"https:\/\/pulso27.com\/nacional\/congresista-lizarzaburu-y-su-comentario-sexista-sobre-patricia-juarez-en-sesion-del-congreso\/"},"wordCount":451,"commentCount":0,"publisher":{"@id":"https:\/\/pulso27.com\/en\/#organization"},"image":{"@id":"https:\/\/pulso27.com\/nacional\/congresista-lizarzaburu-y-su-comentario-sexista-sobre-patricia-juarez-en-sesion-del-congreso\/#primaryimage"},"thumbnailUrl":"https:\/\/pulso27.com\/wp-content\/uploads\/2023\/12\/Lizarzaburu-Juarez.png","keywords":["Lizarzaburu","MIMP","Patricia Juarez"],"articleSection":["Actualidad","Nacional"],"inLanguage":"es-PE","potentialAction":[{"@type":"CommentAction","name":"Comment","target":["https:\/\/pulso27.com\/nacional\/congresista-lizarzaburu-y-su-comentario-sexista-sobre-patricia-juarez-en-sesion-del-congreso\/#respond"]}]},{"@type":"WebPage","@id":"https:\/\/pulso27.com\/nacional\/congresista-lizarzaburu-y-su-comentario-sexista-sobre-patricia-juarez-en-sesion-del-congreso\/","url":"https:\/\/pulso27.com\/nacional\/congresista-lizarzaburu-y-su-comentario-sexista-sobre-patricia-juarez-en-sesion-del-congreso\/","name":"Congresista Lizarzaburu y su comentario sexista sobre Patricia Ju\u00e1rez en sesi\u00f3n del Congreso - Pulso27","isPartOf":{"@id":"https:\/\/pulso27.com\/en\/#website"},"primaryImageOfPage":{"@id":"https:\/\/pulso27.com\/nacional\/congresista-lizarzaburu-y-su-comentario-sexista-sobre-patricia-juarez-en-sesion-del-congreso\/#primaryimage"},"image":{"@id":"https:\/\/pulso27.com\/nacional\/congresista-lizarzaburu-y-su-comentario-sexista-sobre-patricia-juarez-en-sesion-del-congreso\/#primaryimage"},"thumbnailUrl":"https:\/\/pulso27.com\/wp-content\/uploads\/2023\/12\/Lizarzaburu-Juarez.png","datePublished":"2023-12-14T21:24:15+00:00","dateModified":"2023-12-14T21:24:52+00:00","breadcrumb":{"@id":"https:\/\/pulso27.com\/nacional\/congresista-lizarzaburu-y-su-comentario-sexista-sobre-patricia-juarez-en-sesion-del-congreso\/#breadcrumb"},"inLanguage":"es-PE","potentialAction":[{"@type":"ReadAction","target":["https:\/\/pulso27.com\/nacional\/congresista-lizarzaburu-y-su-comentario-sexista-sobre-patricia-juarez-en-sesion-del-congreso\/"]}]},{"@type":"ImageObject","inLanguage":"es-PE","@id":"https:\/\/pulso27.com\/nacional\/congresista-lizarzaburu-y-su-comentario-sexista-sobre-patricia-juarez-en-sesion-del-congreso\/#primaryimage","url":"https:\/\/pulso27.com\/wp-content\/uploads\/2023\/12\/Lizarzaburu-Juarez.png","contentUrl":"https:\/\/pulso27.com\/wp-content\/uploads\/2023\/12\/Lizarzaburu-Juarez.png","width":779,"height":391},{"@type":"BreadcrumbList","@id":"https:\/\/pulso27.com\/nacional\/congresista-lizarzaburu-y-su-comentario-sexista-sobre-patricia-juarez-en-sesion-del-congreso\/#breadcrumb","itemListElement":[{"@type":"ListItem","position":1,"name":"Portada","item":"https:\/\/pulso27.com\/"},{"@type":"ListItem","position":2,"name":"Congresista Lizarzaburu y su comentario sexista sobre Patricia Ju\u00e1rez en sesi\u00f3n del Congreso"}]},{"@type":"WebSite","@id":"https:\/\/pulso27.com\/en\/#website","url":"https:\/\/pulso27.com\/en\/","name":"Pulso27","description":"Web de noticias y publicidad","publisher":{"@id":"https:\/\/pulso27.com\/en\/#organization"},"alternateName":"El pulso del pueblo","potentialAction":[{"@type":"SearchAction","target":{"@type":"EntryPoint","urlTemplate":"https:\/\/pulso27.com\/en\/?s={search_term_string}"},"query-input":{"@type":"PropertyValueSpecification","valueRequired":true,"valueName":"search_term_string"}}],"inLanguage":"es-PE"},{"@type":"Organization","@id":"https:\/\/pulso27.com\/en\/#organization","name":"Pulso27","url":"https:\/\/pulso27.com\/en\/","logo":{"@type":"ImageObject","inLanguage":"es-PE","@id":"https:\/\/pulso27.com\/en\/#\/schema\/logo\/image\/","url":"https:\/\/pulso27.com\/wp-content\/uploads\/2026\/02\/Logotipo-de-la-organizacion-696-x-696-px-ok.png","contentUrl":"https:\/\/pulso27.com\/wp-content\/uploads\/2026\/02\/Logotipo-de-la-organizacion-696-x-696-px-ok.png","width":696,"height":696,"caption":"Pulso27"},"image":{"@id":"https:\/\/pulso27.com\/en\/#\/schema\/logo\/image\/"},"sameAs":["https:\/\/www.facebook.com\/pulso27\/","https:\/\/x.com\/Pulso_27","https:\/\/www.youtube.com\/@Pulso27","https:\/\/www.tiktok.com\/@pulso_27"]},{"@type":"Person","@id":"https:\/\/pulso27.com\/en\/#\/schema\/person\/a0930a7f318e7d9d83bd7cffed9f34f6","name":"El Muki","image":{"@type":"ImageObject","inLanguage":"es-PE","@id":"https:\/\/secure.gravatar.com\/avatar\/dc91c2607c5eebda74cbb40d13031f489096c96ead89c4c30c17db262267b2b3?s=96&d=mm&r=g","url":"https:\/\/secure.gravatar.com\/avatar\/dc91c2607c5eebda74cbb40d13031f489096c96ead89c4c30c17db262267b2b3?s=96&d=mm&r=g","contentUrl":"https:\/\/secure.gravatar.com\/avatar\/dc91c2607c5eebda74cbb40d13031f489096c96ead89c4c30c17db262267b2b3?s=96&d=mm&r=g","caption":"El Muki"},"sameAs":["http:\/\/www.pulso27.com"],"url":"https:\/\/pulso27.com\/es\/author\/elcuervo\/"}]}},"amp_enabled":true,"_links":{"self":[{"href":"https:\/\/pulso27.com\/es\/wp-json\/wp\/v2\/posts\/935","targetHints":{"allow":["GET"]}}],"collection":[{"href":"https:\/\/pulso27.com\/es\/wp-json\/wp\/v2\/posts"}],"about":[{"href":"https:\/\/pulso27.com\/es\/wp-json\/wp\/v2\/types\/post"}],"author":[{"embeddable":true,"href":"https:\/\/pulso27.com\/es\/wp-json\/wp\/v2\/users\/10"}],"replies":[{"embeddable":true,"href":"https:\/\/pulso27.com\/es\/wp-json\/wp\/v2\/comments?post=935"}],"version-history":[{"count":2,"href":"https:\/\/pulso27.com\/es\/wp-json\/wp\/v2\/posts\/935\/revisions"}],"predecessor-version":[{"id":938,"href":"https:\/\/pulso27.com\/es\/wp-json\/wp\/v2\/posts\/935\/revisions\/938"}],"wp:featuredmedia":[{"embeddable":true,"href":"https:\/\/pulso27.com\/es\/wp-json\/wp\/v2\/media\/936"}],"wp:attachment":[{"href":"https:\/\/pulso27.com\/es\/wp-json\/wp\/v2\/media?parent=935"}],"wp:term":[{"taxonomy":"category","embeddable":true,"href":"https:\/\/pulso27.com\/es\/wp-json\/wp\/v2\/categories?post=935"},{"taxonomy":"post_tag","embeddable":true,"href":"https:\/\/pulso27.com\/es\/wp-json\/wp\/v2\/tags?post=935"}],"curies":[{"name":"wp","href":"https:\/\/api.w.org\/{rel}","templated":true}]}}