{"id":944,"date":"2023-12-15T13:13:58","date_gmt":"2023-12-15T13:13:58","guid":{"rendered":"https:\/\/pulso27.com\/?p=944"},"modified":"2023-12-15T13:14:08","modified_gmt":"2023-12-15T13:14:08","slug":"congreso-aprobo-por-insistencia-ley-que-limita-figura-de-la-colaboracion-eficaz-en-sus-plazos","status":"publish","type":"post","link":"https:\/\/pulso27.com\/es\/nacional\/congreso-aprobo-por-insistencia-ley-que-limita-figura-de-la-colaboracion-eficaz-en-sus-plazos\/","title":{"rendered":"Congreso: aprob\u00f3 por insistencia ley que limita figura de la colaboraci\u00f3n eficaz en sus plazos"},"content":{"rendered":"\n<p>El Parlamento aprob\u00f3 la modificaci\u00f3n del Nuevo C\u00f3digo Procesal Penal respecto de la colaboraci\u00f3n eficaz en su plazo m\u00e1ximo, pese a que el Ejecutivo observ\u00f3 este dictamen al considerarlo \u201cno razonable\u201d.<br>El pleno del Congreso aprob\u00f3 la noche de este jueves por insistencia la ley que limita la figura de la colaboraci\u00f3n eficaz en un plazo m\u00e1ximo de ocho meses, pese a que el Ejecutivo observ\u00f3 dicha aut\u00f3grafa y propuso un plazo de 36 meses improrrogables.<\/p>\n\n\n\n<p>Con un total de 89 votos a favor, 15 en contra y 2 abstenciones, la insistencia a esta norma se impuso en el Legislativo, que podr\u00e1 promulgarla, debido a que ya no ser\u00e1 necesaria una segunda votaci\u00f3n.<\/p>\n\n\n\n<figure class=\"wp-block-image size-full\"><img loading=\"lazy\" decoding=\"async\" width=\"971\" height=\"519\" src=\"https:\/\/pulso27.com\/wp-content\/uploads\/2023\/12\/image-12.png\" alt=\"\" class=\"wp-image-946\" srcset=\"https:\/\/pulso27.com\/wp-content\/uploads\/2023\/12\/image-12.png 971w, https:\/\/pulso27.com\/wp-content\/uploads\/2023\/12\/image-12-300x160.png 300w, https:\/\/pulso27.com\/wp-content\/uploads\/2023\/12\/image-12-768x410.png 768w\" sizes=\"auto, (max-width: 971px) 100vw, 971px\" \/><\/figure>\n\n\n\n<p>Este dictamen, que modifica tres art\u00edculos del Nuevo C\u00f3digo Procesal Penal referidos a la colaboraci\u00f3n eficaz, ya hab\u00eda sido aprobado previamente en la Comisi\u00f3n de Justicia, a donde regres\u00f3 luego de que el Ejecutivo la observara.<\/p>\n\n\n\n<p>Entonces votaron a favor legisladores de Per\u00fa Libre, Fuerza Popular, Bloque Magisterial, Alianza para el Progreso, Renovaci\u00f3n Popular, Podemos Per\u00fa, Acci\u00f3n Popular, Per\u00fa Bicentenario y Mar\u00eda del Carmen Alva, en calidad de no agrupada.<\/p>\n\n\n\n<p>Con esta modificaci\u00f3n se fija en ocho meses como plazo m\u00e1ximo para que un aspirante a colaborador eficaz pueda ser aceptado o denegado como tal. Este periodo puede ser ampliado por causas justificadas por cuadro meses.<\/p>\n\n\n\n<p>En caso de crimen organizado, se indica que la pr\u00f3rroga podr\u00e1 ser por otros ocho meses.<\/p>\n\n\n\n<p><strong>Observaciones del Ejecutivo<\/strong><br>El Ejecutivo hab\u00eda se\u00f1alado que dichos plazos son cortos y podr\u00edan representar un obst\u00e1culo para el adecuado tr\u00e1mite de los procedimientos.<\/p>\n\n\n\n<p>Seg\u00fan se\u00f1al\u00f3 el titular del Gabinete Ministerial, Alberto Ot\u00e1rola, la ley era buena, en el sentido de proteger el debido proceso legal y la tutela jurisdiccional efectiva de los que est\u00e1n sometidos a procedimientos de colaboraci\u00f3n eficaz.<\/p>\n\n\n\n<p>Sin embargo, precis\u00f3 que la observaci\u00f3n que realizaban era muy concreta, pues consideraron que el plazo de ocho meses no era razonable.<\/p>\n\n\n\n<p>\u201cHemos hecho un estudio de toda la jurisprudencia del Tribunal Constitucional, de la Corte Suprema, de la CIDH, y estamos sugiriendo al Congreso que este plazo sea de 36 meses improrrogables para garantizar el debido proceso y la tutela jurisdiccional efectiva\u00bb, dijo en julio.<\/p>\n\n\n\n<p>\u201cNosotros decimos que todo procedimiento legal debe tener un plazo. Ese plazo no exist\u00eda y ha hecho bien el Congreso en ingresar a reglamentar, a trav\u00e9s de esta norma, la regulaci\u00f3n del plazo. Sin embargo, este plazo no es suficiente, no es proporcional ni razonable\u00bb, agreg\u00f3.<\/p>\n\n\n\n<p>Fuente: RPP<\/p>\n","protected":false},"excerpt":{"rendered":"<p>El Parlamento aprob\u00f3 la modificaci\u00f3n del Nuevo C\u00f3digo Procesal Penal respecto de la colaboraci\u00f3n eficaz en su plazo m\u00e1ximo, pese a que el Ejecutivo observ\u00f3 este dictamen al considerarlo \u201cno razonable\u201d.<\/p>\n","protected":false},"author":10,"featured_media":945,"comment_status":"open","ping_status":"open","sticky":false,"template":"","format":"standard","meta":{"footnotes":""},"categories":[183,174,180],"tags":[408,409],"class_list":["post-944","post","type-post","status-publish","format-standard","has-post-thumbnail","hentry","category-actualidad","category-nacional","category-politica","tag-colaboracion-eficaz","tag-parlamento"],"yoast_head":"<!-- This site is optimized with the Yoast SEO plugin v27.4 - https:\/\/yoast.com\/product\/yoast-seo-wordpress\/ -->\n<title>Congreso: aprob\u00f3 por insistencia ley que limita figura de la colaboraci\u00f3n eficaz en sus plazos - Pulso27<\/title>\n<meta name=\"robots\" content=\"index, follow, max-snippet:-1, max-image-preview:large, max-video-preview:-1\" \/>\n<link rel=\"canonical\" href=\"https:\/\/pulso27.com\/es\/nacional\/congreso-aprobo-por-insistencia-ley-que-limita-figura-de-la-colaboracion-eficaz-en-sus-plazos\/\" \/>\n<meta property=\"og:locale\" content=\"es_ES\" \/>\n<meta property=\"og:type\" content=\"article\" \/>\n<meta property=\"og:title\" content=\"Congreso: aprob\u00f3 por insistencia ley que limita figura de la colaboraci\u00f3n eficaz en sus plazos - Pulso27\" \/>\n<meta property=\"og:description\" content=\"El Parlamento aprob\u00f3 la modificaci\u00f3n del Nuevo C\u00f3digo Procesal Penal respecto de la colaboraci\u00f3n eficaz en su plazo m\u00e1ximo, pese a que el Ejecutivo observ\u00f3 este dictamen al considerarlo \u201cno razonable\u201d.\" \/>\n<meta property=\"og:url\" content=\"https:\/\/pulso27.com\/es\/nacional\/congreso-aprobo-por-insistencia-ley-que-limita-figura-de-la-colaboracion-eficaz-en-sus-plazos\/\" \/>\n<meta property=\"og:site_name\" content=\"Pulso27\" \/>\n<meta property=\"article:publisher\" content=\"https:\/\/www.facebook.com\/pulso27\/\" \/>\n<meta property=\"article:published_time\" content=\"2023-12-15T13:13:58+00:00\" \/>\n<meta property=\"article:modified_time\" content=\"2023-12-15T13:14:08+00:00\" \/>\n<meta property=\"og:image\" content=\"https:\/\/pulso27.com\/wp-content\/uploads\/2023\/12\/congreso_.jpg\" \/>\n\t<meta property=\"og:image:width\" content=\"474\" \/>\n\t<meta property=\"og:image:height\" content=\"316\" \/>\n\t<meta property=\"og:image:type\" content=\"image\/jpeg\" \/>\n<meta name=\"author\" content=\"El Muki\" \/>\n<meta name=\"twitter:card\" content=\"summary_large_image\" \/>\n<meta name=\"twitter:creator\" content=\"@Pulso_27\" \/>\n<meta name=\"twitter:site\" content=\"@Pulso_27\" \/>\n<meta name=\"twitter:label1\" content=\"Written by\" \/>\n\t<meta name=\"twitter:data1\" content=\"El Muki\" \/>\n\t<meta name=\"twitter:label2\" content=\"Est. reading time\" \/>\n\t<meta name=\"twitter:data2\" content=\"2 minutos\" \/>\n<script type=\"application\/ld+json\" class=\"yoast-schema-graph\">{\"@context\":\"https:\\\/\\\/schema.org\",\"@graph\":[{\"@type\":\"Article\",\"@id\":\"https:\\\/\\\/pulso27.com\\\/nacional\\\/congreso-aprobo-por-insistencia-ley-que-limita-figura-de-la-colaboracion-eficaz-en-sus-plazos\\\/#article\",\"isPartOf\":{\"@id\":\"https:\\\/\\\/pulso27.com\\\/nacional\\\/congreso-aprobo-por-insistencia-ley-que-limita-figura-de-la-colaboracion-eficaz-en-sus-plazos\\\/\"},\"author\":{\"name\":\"El Muki\",\"@id\":\"https:\\\/\\\/pulso27.com\\\/en\\\/#\\\/schema\\\/person\\\/a0930a7f318e7d9d83bd7cffed9f34f6\"},\"headline\":\"Congreso: aprob\u00f3 por insistencia ley que limita figura de la colaboraci\u00f3n eficaz en sus plazos\",\"datePublished\":\"2023-12-15T13:13:58+00:00\",\"dateModified\":\"2023-12-15T13:14:08+00:00\",\"mainEntityOfPage\":{\"@id\":\"https:\\\/\\\/pulso27.com\\\/nacional\\\/congreso-aprobo-por-insistencia-ley-que-limita-figura-de-la-colaboracion-eficaz-en-sus-plazos\\\/\"},\"wordCount\":454,\"commentCount\":0,\"publisher\":{\"@id\":\"https:\\\/\\\/pulso27.com\\\/en\\\/#organization\"},\"image\":{\"@id\":\"https:\\\/\\\/pulso27.com\\\/nacional\\\/congreso-aprobo-por-insistencia-ley-que-limita-figura-de-la-colaboracion-eficaz-en-sus-plazos\\\/#primaryimage\"},\"thumbnailUrl\":\"https:\\\/\\\/pulso27.com\\\/wp-content\\\/uploads\\\/2023\\\/12\\\/congreso_.jpg\",\"keywords\":[\"Colaboraci\u00f3n eficaz\",\"Parlamento\"],\"articleSection\":[\"Actualidad\",\"Nacional\",\"Pol\u00edtica\"],\"inLanguage\":\"es-PE\",\"potentialAction\":[{\"@type\":\"CommentAction\",\"name\":\"Comment\",\"target\":[\"https:\\\/\\\/pulso27.com\\\/nacional\\\/congreso-aprobo-por-insistencia-ley-que-limita-figura-de-la-colaboracion-eficaz-en-sus-plazos\\\/#respond\"]}]},{\"@type\":\"WebPage\",\"@id\":\"https:\\\/\\\/pulso27.com\\\/nacional\\\/congreso-aprobo-por-insistencia-ley-que-limita-figura-de-la-colaboracion-eficaz-en-sus-plazos\\\/\",\"url\":\"https:\\\/\\\/pulso27.com\\\/nacional\\\/congreso-aprobo-por-insistencia-ley-que-limita-figura-de-la-colaboracion-eficaz-en-sus-plazos\\\/\",\"name\":\"Congreso: aprob\u00f3 por insistencia ley que limita figura de la colaboraci\u00f3n eficaz en sus plazos - Pulso27\",\"isPartOf\":{\"@id\":\"https:\\\/\\\/pulso27.com\\\/en\\\/#website\"},\"primaryImageOfPage\":{\"@id\":\"https:\\\/\\\/pulso27.com\\\/nacional\\\/congreso-aprobo-por-insistencia-ley-que-limita-figura-de-la-colaboracion-eficaz-en-sus-plazos\\\/#primaryimage\"},\"image\":{\"@id\":\"https:\\\/\\\/pulso27.com\\\/nacional\\\/congreso-aprobo-por-insistencia-ley-que-limita-figura-de-la-colaboracion-eficaz-en-sus-plazos\\\/#primaryimage\"},\"thumbnailUrl\":\"https:\\\/\\\/pulso27.com\\\/wp-content\\\/uploads\\\/2023\\\/12\\\/congreso_.jpg\",\"datePublished\":\"2023-12-15T13:13:58+00:00\",\"dateModified\":\"2023-12-15T13:14:08+00:00\",\"breadcrumb\":{\"@id\":\"https:\\\/\\\/pulso27.com\\\/nacional\\\/congreso-aprobo-por-insistencia-ley-que-limita-figura-de-la-colaboracion-eficaz-en-sus-plazos\\\/#breadcrumb\"},\"inLanguage\":\"es-PE\",\"potentialAction\":[{\"@type\":\"ReadAction\",\"target\":[\"https:\\\/\\\/pulso27.com\\\/nacional\\\/congreso-aprobo-por-insistencia-ley-que-limita-figura-de-la-colaboracion-eficaz-en-sus-plazos\\\/\"]}]},{\"@type\":\"ImageObject\",\"inLanguage\":\"es-PE\",\"@id\":\"https:\\\/\\\/pulso27.com\\\/nacional\\\/congreso-aprobo-por-insistencia-ley-que-limita-figura-de-la-colaboracion-eficaz-en-sus-plazos\\\/#primaryimage\",\"url\":\"https:\\\/\\\/pulso27.com\\\/wp-content\\\/uploads\\\/2023\\\/12\\\/congreso_.jpg\",\"contentUrl\":\"https:\\\/\\\/pulso27.com\\\/wp-content\\\/uploads\\\/2023\\\/12\\\/congreso_.jpg\",\"width\":474,\"height\":316},{\"@type\":\"BreadcrumbList\",\"@id\":\"https:\\\/\\\/pulso27.com\\\/nacional\\\/congreso-aprobo-por-insistencia-ley-que-limita-figura-de-la-colaboracion-eficaz-en-sus-plazos\\\/#breadcrumb\",\"itemListElement\":[{\"@type\":\"ListItem\",\"position\":1,\"name\":\"Portada\",\"item\":\"https:\\\/\\\/pulso27.com\\\/\"},{\"@type\":\"ListItem\",\"position\":2,\"name\":\"Congreso: aprob\u00f3 por insistencia ley que limita figura de la colaboraci\u00f3n eficaz en sus plazos\"}]},{\"@type\":\"WebSite\",\"@id\":\"https:\\\/\\\/pulso27.com\\\/en\\\/#website\",\"url\":\"https:\\\/\\\/pulso27.com\\\/en\\\/\",\"name\":\"Pulso27\",\"description\":\"Web de noticias y publicidad\",\"publisher\":{\"@id\":\"https:\\\/\\\/pulso27.com\\\/en\\\/#organization\"},\"alternateName\":\"El pulso del pueblo\",\"potentialAction\":[{\"@type\":\"SearchAction\",\"target\":{\"@type\":\"EntryPoint\",\"urlTemplate\":\"https:\\\/\\\/pulso27.com\\\/en\\\/?s={search_term_string}\"},\"query-input\":{\"@type\":\"PropertyValueSpecification\",\"valueRequired\":true,\"valueName\":\"search_term_string\"}}],\"inLanguage\":\"es-PE\"},{\"@type\":\"Organization\",\"@id\":\"https:\\\/\\\/pulso27.com\\\/en\\\/#organization\",\"name\":\"Pulso27\",\"url\":\"https:\\\/\\\/pulso27.com\\\/en\\\/\",\"logo\":{\"@type\":\"ImageObject\",\"inLanguage\":\"es-PE\",\"@id\":\"https:\\\/\\\/pulso27.com\\\/en\\\/#\\\/schema\\\/logo\\\/image\\\/\",\"url\":\"https:\\\/\\\/pulso27.com\\\/wp-content\\\/uploads\\\/2026\\\/02\\\/Logotipo-de-la-organizacion-696-x-696-px-ok.png\",\"contentUrl\":\"https:\\\/\\\/pulso27.com\\\/wp-content\\\/uploads\\\/2026\\\/02\\\/Logotipo-de-la-organizacion-696-x-696-px-ok.png\",\"width\":696,\"height\":696,\"caption\":\"Pulso27\"},\"image\":{\"@id\":\"https:\\\/\\\/pulso27.com\\\/en\\\/#\\\/schema\\\/logo\\\/image\\\/\"},\"sameAs\":[\"https:\\\/\\\/www.facebook.com\\\/pulso27\\\/\",\"https:\\\/\\\/x.com\\\/Pulso_27\",\"https:\\\/\\\/www.youtube.com\\\/@Pulso27\",\"https:\\\/\\\/www.tiktok.com\\\/@pulso_27\"]},{\"@type\":\"Person\",\"@id\":\"https:\\\/\\\/pulso27.com\\\/en\\\/#\\\/schema\\\/person\\\/a0930a7f318e7d9d83bd7cffed9f34f6\",\"name\":\"El Muki\",\"image\":{\"@type\":\"ImageObject\",\"inLanguage\":\"es-PE\",\"@id\":\"https:\\\/\\\/secure.gravatar.com\\\/avatar\\\/dc91c2607c5eebda74cbb40d13031f489096c96ead89c4c30c17db262267b2b3?s=96&d=mm&r=g\",\"url\":\"https:\\\/\\\/secure.gravatar.com\\\/avatar\\\/dc91c2607c5eebda74cbb40d13031f489096c96ead89c4c30c17db262267b2b3?s=96&d=mm&r=g\",\"contentUrl\":\"https:\\\/\\\/secure.gravatar.com\\\/avatar\\\/dc91c2607c5eebda74cbb40d13031f489096c96ead89c4c30c17db262267b2b3?s=96&d=mm&r=g\",\"caption\":\"El Muki\"},\"sameAs\":[\"http:\\\/\\\/www.pulso27.com\"],\"url\":\"https:\\\/\\\/pulso27.com\\\/es\\\/author\\\/elcuervo\\\/\"}]}<\/script>\n<!-- \/ Yoast SEO plugin. -->","yoast_head_json":{"title":"Congreso: aprob\u00f3 por insistencia ley que limita figura de la colaboraci\u00f3n eficaz en sus plazos - Pulso27","robots":{"index":"index","follow":"follow","max-snippet":"max-snippet:-1","max-image-preview":"max-image-preview:large","max-video-preview":"max-video-preview:-1"},"canonical":"https:\/\/pulso27.com\/es\/nacional\/congreso-aprobo-por-insistencia-ley-que-limita-figura-de-la-colaboracion-eficaz-en-sus-plazos\/","og_locale":"es_ES","og_type":"article","og_title":"Congreso: aprob\u00f3 por insistencia ley que limita figura de la colaboraci\u00f3n eficaz en sus plazos - Pulso27","og_description":"El Parlamento aprob\u00f3 la modificaci\u00f3n del Nuevo C\u00f3digo Procesal Penal respecto de la colaboraci\u00f3n eficaz en su plazo m\u00e1ximo, pese a que el Ejecutivo observ\u00f3 este dictamen al considerarlo \u201cno razonable\u201d.","og_url":"https:\/\/pulso27.com\/es\/nacional\/congreso-aprobo-por-insistencia-ley-que-limita-figura-de-la-colaboracion-eficaz-en-sus-plazos\/","og_site_name":"Pulso27","article_publisher":"https:\/\/www.facebook.com\/pulso27\/","article_published_time":"2023-12-15T13:13:58+00:00","article_modified_time":"2023-12-15T13:14:08+00:00","og_image":[{"width":474,"height":316,"url":"https:\/\/pulso27.com\/wp-content\/uploads\/2023\/12\/congreso_.jpg","type":"image\/jpeg"}],"author":"El Muki","twitter_card":"summary_large_image","twitter_creator":"@Pulso_27","twitter_site":"@Pulso_27","twitter_misc":{"Written by":"El Muki","Est. reading time":"2 minutos"},"schema":{"@context":"https:\/\/schema.org","@graph":[{"@type":"Article","@id":"https:\/\/pulso27.com\/nacional\/congreso-aprobo-por-insistencia-ley-que-limita-figura-de-la-colaboracion-eficaz-en-sus-plazos\/#article","isPartOf":{"@id":"https:\/\/pulso27.com\/nacional\/congreso-aprobo-por-insistencia-ley-que-limita-figura-de-la-colaboracion-eficaz-en-sus-plazos\/"},"author":{"name":"El Muki","@id":"https:\/\/pulso27.com\/en\/#\/schema\/person\/a0930a7f318e7d9d83bd7cffed9f34f6"},"headline":"Congreso: aprob\u00f3 por insistencia ley que limita figura de la colaboraci\u00f3n eficaz en sus plazos","datePublished":"2023-12-15T13:13:58+00:00","dateModified":"2023-12-15T13:14:08+00:00","mainEntityOfPage":{"@id":"https:\/\/pulso27.com\/nacional\/congreso-aprobo-por-insistencia-ley-que-limita-figura-de-la-colaboracion-eficaz-en-sus-plazos\/"},"wordCount":454,"commentCount":0,"publisher":{"@id":"https:\/\/pulso27.com\/en\/#organization"},"image":{"@id":"https:\/\/pulso27.com\/nacional\/congreso-aprobo-por-insistencia-ley-que-limita-figura-de-la-colaboracion-eficaz-en-sus-plazos\/#primaryimage"},"thumbnailUrl":"https:\/\/pulso27.com\/wp-content\/uploads\/2023\/12\/congreso_.jpg","keywords":["Colaboraci\u00f3n eficaz","Parlamento"],"articleSection":["Actualidad","Nacional","Pol\u00edtica"],"inLanguage":"es-PE","potentialAction":[{"@type":"CommentAction","name":"Comment","target":["https:\/\/pulso27.com\/nacional\/congreso-aprobo-por-insistencia-ley-que-limita-figura-de-la-colaboracion-eficaz-en-sus-plazos\/#respond"]}]},{"@type":"WebPage","@id":"https:\/\/pulso27.com\/nacional\/congreso-aprobo-por-insistencia-ley-que-limita-figura-de-la-colaboracion-eficaz-en-sus-plazos\/","url":"https:\/\/pulso27.com\/nacional\/congreso-aprobo-por-insistencia-ley-que-limita-figura-de-la-colaboracion-eficaz-en-sus-plazos\/","name":"Congreso: aprob\u00f3 por insistencia ley que limita figura de la colaboraci\u00f3n eficaz en sus plazos - Pulso27","isPartOf":{"@id":"https:\/\/pulso27.com\/en\/#website"},"primaryImageOfPage":{"@id":"https:\/\/pulso27.com\/nacional\/congreso-aprobo-por-insistencia-ley-que-limita-figura-de-la-colaboracion-eficaz-en-sus-plazos\/#primaryimage"},"image":{"@id":"https:\/\/pulso27.com\/nacional\/congreso-aprobo-por-insistencia-ley-que-limita-figura-de-la-colaboracion-eficaz-en-sus-plazos\/#primaryimage"},"thumbnailUrl":"https:\/\/pulso27.com\/wp-content\/uploads\/2023\/12\/congreso_.jpg","datePublished":"2023-12-15T13:13:58+00:00","dateModified":"2023-12-15T13:14:08+00:00","breadcrumb":{"@id":"https:\/\/pulso27.com\/nacional\/congreso-aprobo-por-insistencia-ley-que-limita-figura-de-la-colaboracion-eficaz-en-sus-plazos\/#breadcrumb"},"inLanguage":"es-PE","potentialAction":[{"@type":"ReadAction","target":["https:\/\/pulso27.com\/nacional\/congreso-aprobo-por-insistencia-ley-que-limita-figura-de-la-colaboracion-eficaz-en-sus-plazos\/"]}]},{"@type":"ImageObject","inLanguage":"es-PE","@id":"https:\/\/pulso27.com\/nacional\/congreso-aprobo-por-insistencia-ley-que-limita-figura-de-la-colaboracion-eficaz-en-sus-plazos\/#primaryimage","url":"https:\/\/pulso27.com\/wp-content\/uploads\/2023\/12\/congreso_.jpg","contentUrl":"https:\/\/pulso27.com\/wp-content\/uploads\/2023\/12\/congreso_.jpg","width":474,"height":316},{"@type":"BreadcrumbList","@id":"https:\/\/pulso27.com\/nacional\/congreso-aprobo-por-insistencia-ley-que-limita-figura-de-la-colaboracion-eficaz-en-sus-plazos\/#breadcrumb","itemListElement":[{"@type":"ListItem","position":1,"name":"Portada","item":"https:\/\/pulso27.com\/"},{"@type":"ListItem","position":2,"name":"Congreso: aprob\u00f3 por insistencia ley que limita figura de la colaboraci\u00f3n eficaz en sus plazos"}]},{"@type":"WebSite","@id":"https:\/\/pulso27.com\/en\/#website","url":"https:\/\/pulso27.com\/en\/","name":"Pulso27","description":"Web de noticias y publicidad","publisher":{"@id":"https:\/\/pulso27.com\/en\/#organization"},"alternateName":"El pulso del pueblo","potentialAction":[{"@type":"SearchAction","target":{"@type":"EntryPoint","urlTemplate":"https:\/\/pulso27.com\/en\/?s={search_term_string}"},"query-input":{"@type":"PropertyValueSpecification","valueRequired":true,"valueName":"search_term_string"}}],"inLanguage":"es-PE"},{"@type":"Organization","@id":"https:\/\/pulso27.com\/en\/#organization","name":"Pulso27","url":"https:\/\/pulso27.com\/en\/","logo":{"@type":"ImageObject","inLanguage":"es-PE","@id":"https:\/\/pulso27.com\/en\/#\/schema\/logo\/image\/","url":"https:\/\/pulso27.com\/wp-content\/uploads\/2026\/02\/Logotipo-de-la-organizacion-696-x-696-px-ok.png","contentUrl":"https:\/\/pulso27.com\/wp-content\/uploads\/2026\/02\/Logotipo-de-la-organizacion-696-x-696-px-ok.png","width":696,"height":696,"caption":"Pulso27"},"image":{"@id":"https:\/\/pulso27.com\/en\/#\/schema\/logo\/image\/"},"sameAs":["https:\/\/www.facebook.com\/pulso27\/","https:\/\/x.com\/Pulso_27","https:\/\/www.youtube.com\/@Pulso27","https:\/\/www.tiktok.com\/@pulso_27"]},{"@type":"Person","@id":"https:\/\/pulso27.com\/en\/#\/schema\/person\/a0930a7f318e7d9d83bd7cffed9f34f6","name":"El Muki","image":{"@type":"ImageObject","inLanguage":"es-PE","@id":"https:\/\/secure.gravatar.com\/avatar\/dc91c2607c5eebda74cbb40d13031f489096c96ead89c4c30c17db262267b2b3?s=96&d=mm&r=g","url":"https:\/\/secure.gravatar.com\/avatar\/dc91c2607c5eebda74cbb40d13031f489096c96ead89c4c30c17db262267b2b3?s=96&d=mm&r=g","contentUrl":"https:\/\/secure.gravatar.com\/avatar\/dc91c2607c5eebda74cbb40d13031f489096c96ead89c4c30c17db262267b2b3?s=96&d=mm&r=g","caption":"El Muki"},"sameAs":["http:\/\/www.pulso27.com"],"url":"https:\/\/pulso27.com\/es\/author\/elcuervo\/"}]}},"amp_enabled":true,"_links":{"self":[{"href":"https:\/\/pulso27.com\/es\/wp-json\/wp\/v2\/posts\/944","targetHints":{"allow":["GET"]}}],"collection":[{"href":"https:\/\/pulso27.com\/es\/wp-json\/wp\/v2\/posts"}],"about":[{"href":"https:\/\/pulso27.com\/es\/wp-json\/wp\/v2\/types\/post"}],"author":[{"embeddable":true,"href":"https:\/\/pulso27.com\/es\/wp-json\/wp\/v2\/users\/10"}],"replies":[{"embeddable":true,"href":"https:\/\/pulso27.com\/es\/wp-json\/wp\/v2\/comments?post=944"}],"version-history":[{"count":2,"href":"https:\/\/pulso27.com\/es\/wp-json\/wp\/v2\/posts\/944\/revisions"}],"predecessor-version":[{"id":949,"href":"https:\/\/pulso27.com\/es\/wp-json\/wp\/v2\/posts\/944\/revisions\/949"}],"wp:featuredmedia":[{"embeddable":true,"href":"https:\/\/pulso27.com\/es\/wp-json\/wp\/v2\/media\/945"}],"wp:attachment":[{"href":"https:\/\/pulso27.com\/es\/wp-json\/wp\/v2\/media?parent=944"}],"wp:term":[{"taxonomy":"category","embeddable":true,"href":"https:\/\/pulso27.com\/es\/wp-json\/wp\/v2\/categories?post=944"},{"taxonomy":"post_tag","embeddable":true,"href":"https:\/\/pulso27.com\/es\/wp-json\/wp\/v2\/tags?post=944"}],"curies":[{"name":"wp","href":"https:\/\/api.w.org\/{rel}","templated":true}]}}