{"id":961,"date":"2023-12-18T17:13:01","date_gmt":"2023-12-18T17:13:01","guid":{"rendered":"https:\/\/pulso27.com\/?p=961"},"modified":"2023-12-18T17:17:14","modified_gmt":"2023-12-18T17:17:14","slug":"ejercito-se-recompone-con-pase-al-retiro-de-generales-de-division-y-de-brigada","status":"publish","type":"post","link":"https:\/\/pulso27.com\/es\/nacional\/ejercito-se-recompone-con-pase-al-retiro-de-generales-de-division-y-de-brigada\/","title":{"rendered":"Ej\u00e9rcito se recompone con pase al retiro de generales de divisi\u00f3n y de brigada"},"content":{"rendered":"\n<p>Reconfiguraci\u00f3n del alto mando. El comandante general del Ej\u00e9rcito, general de divisi\u00f3n David Ojeda Parra, ser\u00e1 el nuevo jefe del Comando Conjunto de las Fuerzas Armadas, en reemplazo del general de divisi\u00f3n Manuel G\u00f3mez de la Torre. Pero todav\u00eda no hay definici\u00f3n respecto a qui\u00e9n ser\u00eda el reemplazo de Ojeda: los generales de divisi\u00f3n C\u00e9sar Brice\u00f1o Valdivia u Orestes Vargas Ortiz.<\/p>\n\n\n\n<p>El representante del Per\u00fa ante la Junta Interamericana de Defensa (JID), el general de divisi\u00f3n EP Carlos R\u00edos Aguilar, dejar\u00e1 la actividad militar a fin de a\u00f1o por disposici\u00f3n superior.<\/p>\n\n\n\n<p>Adem\u00e1s de R\u00edos, han sido pasados al retiro los generales de divisi\u00f3n EP Ricardo Bustamante Z\u00fa\u00f1iga, actual comandante general de la V Divisi\u00f3n del Ej\u00e9rcito (con sede en Iquitos), y Rub\u00e9n Chucos Torres, comandante del Comando de Salud del Ej\u00e9rcito (Cosale).<\/p>\n\n\n\n<p>Ubicado en el segundo lugar del escalaf\u00f3n del instituto castrense, inmediatamente despu\u00e9s del comandante general del Ej\u00e9rcito, general de divisi\u00f3n EP David Ojeda Parra, la salida del general Carlos R\u00edos plantea una disyuntiva.<\/p>\n\n\n\n<figure class=\"wp-block-image size-full is-resized\"><img loading=\"lazy\" decoding=\"async\" width=\"408\" height=\"208\" src=\"https:\/\/pulso27.com\/wp-content\/uploads\/2023\/12\/image-15.png\" alt=\"\" class=\"wp-image-962\" style=\"width:740px;height:auto\" srcset=\"https:\/\/pulso27.com\/wp-content\/uploads\/2023\/12\/image-15.png 408w, https:\/\/pulso27.com\/wp-content\/uploads\/2023\/12\/image-15-300x153.png 300w\" sizes=\"auto, (max-width: 408px) 100vw, 408px\" \/><\/figure>\n\n\n\n<p>Al cumplir su mandato como jefe del Comando Conjunto de las Fuerzas Armadas (CCFFAA), el general de divisi\u00f3n EP Manuel G\u00f3mez de la Torre, el Ejecutivo debe reemplazarlo escogiendo entre los comandantes generales de los institutos armados con m\u00e1s tiempo en el cargo.<\/p>\n\n\n\n<p>Lo que significa que el comandante general del Ej\u00e9rcito, David Ojeda, deber\u00eda ocupar la posici\u00f3n del general G\u00f3mez de la Torre, ya que fue designado en el cargo el 20 de diciembre de 2022. Mientras que el comandante general de la Marina, almirante AP Luis Polar Figari fue designado el 4 de agosto de 2023, y el comandante general de la FAP, general del aire Carlos Ch\u00e1vez Cateriano, el 4 de noviembre de 2023.<\/p>\n\n\n\n<p>Descontando al general Carlos R\u00edos que dejar\u00e1 la instituci\u00f3n castrense a fin de a\u00f1o, el tercero en el escalaf\u00f3n del Ej\u00e9rcito, y segundo en la l\u00ednea de comando despu\u00e9s del comandante general David Ojeda, es el jefe del Estado Mayor General del Ej\u00e9rcito, general de divisi\u00f3n C\u00e9sar Brice\u00f1o Valdivia.<\/p>\n\n\n\n<p>Brice\u00f1o, adem\u00e1s, ejerce otro cargo de importancia, como se ver\u00e1 m\u00e1s adelante: presidente del directorio de la empresa estatal F\u00e1brica de Armas y Municiones del Ej\u00e9rcito (FAME).<\/p>\n\n\n\n<p>Le sigue a Brice\u00f1o el inspector general del Ej\u00e9rcito, general de divisi\u00f3n Orestes Vargas Ortiz.<br>Los generales C\u00e9sar Brice\u00f1o y Orestes Vargas integran la misma promoci\u00f3n Andr\u00e9s Avelino C\u00e1ceres II, que egresaron 1987 y ascendieron al grado de general de divisi\u00f3n el mismo a\u00f1o, 2020. La diferencia est\u00e1 en que Brice\u00f1o es del arma de Ingenier\u00eda y Vargas de Caballer\u00eda.<\/p>\n\n\n\n<p><strong>Movimiento general<\/strong><br>De acuerdo con las fuentes castrenses consultadas, en una primera relaci\u00f3n de generales de divisi\u00f3n que pasar\u00edan al retiro, aparec\u00edan, adem\u00e1s de R\u00edos Aguilar, Bustamante Z\u00fa\u00f1iga y Chucos Torres, el general de divisi\u00f3n Orestes Vargas Ortiz.<\/p>\n\n\n\n<p>Incluso se mencion\u00f3 presuntas diferencias entre la Comandancia General del Ej\u00e9rcito, que propuso el pase al retiro del general de divisi\u00f3n Ricardo Bustamante Z\u00fa\u00f1iga, y el Ministerio de Defensa.<\/p>\n\n\n\n<p>En las \u00faltimas horas, finalmente, se concord\u00f3 en que el general de divisi\u00f3n Orestes Vargas Ortiz continuaba en funciones y que el general de divisi\u00f3n Ricardo Bustamante Z\u00fa\u00f1iga dejar\u00eda la instituci\u00f3n.<\/p>\n\n\n\n<p>Lo cierto es que al asumir la jefatura del CCFFAA, el general de divisi\u00f3n David Ojeda Parra, le convendr\u00eda que lo sustituya el general de divisi\u00f3n C\u00e9sar Brice\u00f1o Valdivia, su jefe de Estado Mayor General y presidente del directorio de FAME. Ambos est\u00e1n relacionados con un importante contra.<\/p>\n\n\n\n<p>Esta a\u00f1o que termina, Ojeda recibi\u00f3 una transferencia de US$87 millones para adquirir 30 veh\u00edculos blindados 8&#215;8 (US$60 millones) y 10.000 fusiles de asalto (US$27 millones).<\/p>\n\n\n\n<p><strong>Fusil contra fusil<\/strong><br>El primer proceso fue un completo fracaso. La Agencia de Compras de las Fuerzas Armadas (ACFFAA) encontr\u00f3 serias deficiencias en el procedimiento y rechaz\u00f3 la elecci\u00f3n de la oferta de la empresa turca Otokar, por superar el monto autorizado de US$60 millones.<\/p>\n\n\n\n<p>El general David Ojeda insisti\u00f3 reiteradamente ante la ACFFAA, que jefatura el almirante AP (r) Manuel V\u00e1scones Morey, para que diera visto bueno a la adquisici\u00f3n. V\u00e1scones recibi\u00f3 el respaldo del Mindef, por lo que los US$60 millones para la compra de los blindados 8&#215;8 pas\u00f3 a manos de la Marina para financiar un proyecto de construcci\u00f3n de nav\u00edos.<\/p>\n\n\n\n<p><br>Como consta en documentos a los que tuvo acceso La Rep\u00fablica, la decisi\u00f3n de la ACFFAA no gust\u00f3 para nada al comandante general del Ej\u00e9rcito. Pero quedaba pendiente la compra de los 10.000 fusiles de asalto, con un presupuesto de US$27 millones. Esta vez, sin embargo, el general Ojeda solicit\u00f3 que la adquisici\u00f3n no pasar\u00eda por la ACFFAA, como en un principio se hab\u00eda establecido<\/p>\n\n\n\n<p>Ampar\u00e1ndose en una reciente norma del 15 de febrero de 2023, ley n\u00b0 31684, que supuestamente \u201cobliga\u201d al Ej\u00e9rcito a contratar con empresas nacionales, David Ojeda logr\u00f3 que su instituci\u00f3n, y no la ACFFAA, comprara los fusiles.<\/p>\n\n\n\n<p>El Ej\u00e9rcito ya hab\u00eda invitado a varias empresas para que presentaran sus ofertas de fusiles, pero repentinamente comunic\u00f3 que FAME hab\u00eda informado que suscribi\u00f3 un convenio con la compa\u00f1\u00eda Israel Weapons Industries (IWI) para ensamblar fusiles Arad 7 en el Per\u00fa.<\/p>\n\n\n\n<p>Quien hizo posible el acuerdo entre FAME e IWI fue el presidente del directorio, el general de divisi\u00f3n C\u00e9sar Brice\u00f1o Valdivia, el n\u00famero dos del comandante general David Ojeda.<\/p>\n\n\n\n<p>Precisamente, Ojeda y Brice\u00f1o se han presentado ante la Comisi\u00f3n de Fiscalizaci\u00f3n para defender la cuestionada compra de fusiles a IWI, sin licitaci\u00f3n y sin probar el Arad 7 en el pa\u00eds. La mejor para Ojeda es que lo sustituya Brice\u00f1o, para que siga insistiendo en la adquisici\u00f3n ante las autoridades que ya investigan el caso.<\/p>\n\n\n\n<p><strong>Qui\u00e9nes son los generales de brigada<\/strong><br>El general de brigada Henry Acosta Bernuy, quien fuera detenido preliminarmente por presuntos actos de corrupci\u00f3n, est\u00e1 en la lista de 19 invitados al retiro.<\/p>\n\n\n\n<p>El jefe del Servicio de Material de Guerra, general William Lozano Flores, tambi\u00e9n pasar\u00e1 al retiro. Lozano intervino en la compra de fusiles israel\u00edes Arad 7.Nuevo comandante general del Ej\u00e9rcito estar\u00eda entre C\u00e9sar Brice\u00f1o y Orestes Vargas.<\/p>\n\n\n\n<p>Fuente: La Republica<\/p>\n","protected":false},"excerpt":{"rendered":"<p>Reconfiguraci\u00f3n del alto mando. El comandante general del Ej\u00e9rcito, general de divisi\u00f3n David Ojeda Parra, ser\u00e1 el nuevo jefe del Comando Conjunto de las Fuerzas Armadas, en reemplazo del general de divisi\u00f3n Manuel G\u00f3mez de la Torre. Pero todav\u00eda no hay definici\u00f3n respecto a qui\u00e9n ser\u00eda el reemplazo de Ojeda: los generales de divisi\u00f3n C\u00e9sar [&hellip;]<\/p>\n","protected":false},"author":10,"featured_media":967,"comment_status":"open","ping_status":"open","sticky":false,"template":"","format":"standard","meta":{"footnotes":""},"categories":[183,174,180],"tags":[416,417,414],"class_list":["post-961","post","type-post","status-publish","format-standard","has-post-thumbnail","hentry","category-actualidad","category-nacional","category-politica","tag-ccffaa","tag-comando-conjunto-de-las-fuerzas-armadas","tag-ejercito"],"yoast_head":"<!-- This site is optimized with the Yoast SEO plugin v27.4 - https:\/\/yoast.com\/product\/yoast-seo-wordpress\/ -->\n<title>Ej\u00e9rcito se recompone con pase al retiro de generales de divisi\u00f3n y de brigada - Pulso27<\/title>\n<meta name=\"robots\" content=\"index, follow, max-snippet:-1, max-image-preview:large, max-video-preview:-1\" \/>\n<link rel=\"canonical\" href=\"https:\/\/pulso27.com\/es\/nacional\/ejercito-se-recompone-con-pase-al-retiro-de-generales-de-division-y-de-brigada\/\" \/>\n<meta property=\"og:locale\" content=\"es_ES\" \/>\n<meta property=\"og:type\" content=\"article\" \/>\n<meta property=\"og:title\" content=\"Ej\u00e9rcito se recompone con pase al retiro de generales de divisi\u00f3n y de brigada - Pulso27\" \/>\n<meta property=\"og:description\" content=\"Reconfiguraci\u00f3n del alto mando. El comandante general del Ej\u00e9rcito, general de divisi\u00f3n David Ojeda Parra, ser\u00e1 el nuevo jefe del Comando Conjunto de las Fuerzas Armadas, en reemplazo del general de divisi\u00f3n Manuel G\u00f3mez de la Torre. Pero todav\u00eda no hay definici\u00f3n respecto a qui\u00e9n ser\u00eda el reemplazo de Ojeda: los generales de divisi\u00f3n C\u00e9sar [&hellip;]\" \/>\n<meta property=\"og:url\" content=\"https:\/\/pulso27.com\/es\/nacional\/ejercito-se-recompone-con-pase-al-retiro-de-generales-de-division-y-de-brigada\/\" \/>\n<meta property=\"og:site_name\" content=\"Pulso27\" \/>\n<meta property=\"article:publisher\" content=\"https:\/\/www.facebook.com\/pulso27\/\" \/>\n<meta property=\"article:published_time\" content=\"2023-12-18T17:13:01+00:00\" \/>\n<meta property=\"article:modified_time\" content=\"2023-12-18T17:17:14+00:00\" \/>\n<meta property=\"og:image\" content=\"https:\/\/pulso27.com\/wp-content\/uploads\/2023\/12\/cambios-generales-2.png\" \/>\n\t<meta property=\"og:image:width\" content=\"573\" \/>\n\t<meta property=\"og:image:height\" content=\"329\" \/>\n\t<meta property=\"og:image:type\" content=\"image\/png\" \/>\n<meta name=\"author\" content=\"El Muki\" \/>\n<meta name=\"twitter:card\" content=\"summary_large_image\" \/>\n<meta name=\"twitter:creator\" content=\"@Pulso_27\" \/>\n<meta name=\"twitter:site\" content=\"@Pulso_27\" \/>\n<meta name=\"twitter:label1\" content=\"Written by\" \/>\n\t<meta name=\"twitter:data1\" content=\"El Muki\" \/>\n\t<meta name=\"twitter:label2\" content=\"Est. reading time\" \/>\n\t<meta name=\"twitter:data2\" content=\"6 minutos\" \/>\n<script type=\"application\/ld+json\" class=\"yoast-schema-graph\">{\"@context\":\"https:\\\/\\\/schema.org\",\"@graph\":[{\"@type\":\"Article\",\"@id\":\"https:\\\/\\\/pulso27.com\\\/nacional\\\/ejercito-se-recompone-con-pase-al-retiro-de-generales-de-division-y-de-brigada\\\/#article\",\"isPartOf\":{\"@id\":\"https:\\\/\\\/pulso27.com\\\/nacional\\\/ejercito-se-recompone-con-pase-al-retiro-de-generales-de-division-y-de-brigada\\\/\"},\"author\":{\"name\":\"El Muki\",\"@id\":\"https:\\\/\\\/pulso27.com\\\/en\\\/#\\\/schema\\\/person\\\/a0930a7f318e7d9d83bd7cffed9f34f6\"},\"headline\":\"Ej\u00e9rcito se recompone con pase al retiro de generales de divisi\u00f3n y de brigada\",\"datePublished\":\"2023-12-18T17:13:01+00:00\",\"dateModified\":\"2023-12-18T17:17:14+00:00\",\"mainEntityOfPage\":{\"@id\":\"https:\\\/\\\/pulso27.com\\\/nacional\\\/ejercito-se-recompone-con-pase-al-retiro-de-generales-de-division-y-de-brigada\\\/\"},\"wordCount\":1120,\"commentCount\":0,\"publisher\":{\"@id\":\"https:\\\/\\\/pulso27.com\\\/en\\\/#organization\"},\"image\":{\"@id\":\"https:\\\/\\\/pulso27.com\\\/nacional\\\/ejercito-se-recompone-con-pase-al-retiro-de-generales-de-division-y-de-brigada\\\/#primaryimage\"},\"thumbnailUrl\":\"https:\\\/\\\/pulso27.com\\\/wp-content\\\/uploads\\\/2023\\\/12\\\/cambios-generales-2.png\",\"keywords\":[\"CCFFAA\",\"Comando Conjunto de las Fuerzas Armadas\",\"Ejercito\"],\"articleSection\":[\"Actualidad\",\"Nacional\",\"Pol\u00edtica\"],\"inLanguage\":\"es-PE\",\"potentialAction\":[{\"@type\":\"CommentAction\",\"name\":\"Comment\",\"target\":[\"https:\\\/\\\/pulso27.com\\\/nacional\\\/ejercito-se-recompone-con-pase-al-retiro-de-generales-de-division-y-de-brigada\\\/#respond\"]}]},{\"@type\":\"WebPage\",\"@id\":\"https:\\\/\\\/pulso27.com\\\/nacional\\\/ejercito-se-recompone-con-pase-al-retiro-de-generales-de-division-y-de-brigada\\\/\",\"url\":\"https:\\\/\\\/pulso27.com\\\/nacional\\\/ejercito-se-recompone-con-pase-al-retiro-de-generales-de-division-y-de-brigada\\\/\",\"name\":\"Ej\u00e9rcito se recompone con pase al retiro de generales de divisi\u00f3n y de brigada - Pulso27\",\"isPartOf\":{\"@id\":\"https:\\\/\\\/pulso27.com\\\/en\\\/#website\"},\"primaryImageOfPage\":{\"@id\":\"https:\\\/\\\/pulso27.com\\\/nacional\\\/ejercito-se-recompone-con-pase-al-retiro-de-generales-de-division-y-de-brigada\\\/#primaryimage\"},\"image\":{\"@id\":\"https:\\\/\\\/pulso27.com\\\/nacional\\\/ejercito-se-recompone-con-pase-al-retiro-de-generales-de-division-y-de-brigada\\\/#primaryimage\"},\"thumbnailUrl\":\"https:\\\/\\\/pulso27.com\\\/wp-content\\\/uploads\\\/2023\\\/12\\\/cambios-generales-2.png\",\"datePublished\":\"2023-12-18T17:13:01+00:00\",\"dateModified\":\"2023-12-18T17:17:14+00:00\",\"breadcrumb\":{\"@id\":\"https:\\\/\\\/pulso27.com\\\/nacional\\\/ejercito-se-recompone-con-pase-al-retiro-de-generales-de-division-y-de-brigada\\\/#breadcrumb\"},\"inLanguage\":\"es-PE\",\"potentialAction\":[{\"@type\":\"ReadAction\",\"target\":[\"https:\\\/\\\/pulso27.com\\\/nacional\\\/ejercito-se-recompone-con-pase-al-retiro-de-generales-de-division-y-de-brigada\\\/\"]}]},{\"@type\":\"ImageObject\",\"inLanguage\":\"es-PE\",\"@id\":\"https:\\\/\\\/pulso27.com\\\/nacional\\\/ejercito-se-recompone-con-pase-al-retiro-de-generales-de-division-y-de-brigada\\\/#primaryimage\",\"url\":\"https:\\\/\\\/pulso27.com\\\/wp-content\\\/uploads\\\/2023\\\/12\\\/cambios-generales-2.png\",\"contentUrl\":\"https:\\\/\\\/pulso27.com\\\/wp-content\\\/uploads\\\/2023\\\/12\\\/cambios-generales-2.png\",\"width\":573,\"height\":329},{\"@type\":\"BreadcrumbList\",\"@id\":\"https:\\\/\\\/pulso27.com\\\/nacional\\\/ejercito-se-recompone-con-pase-al-retiro-de-generales-de-division-y-de-brigada\\\/#breadcrumb\",\"itemListElement\":[{\"@type\":\"ListItem\",\"position\":1,\"name\":\"Portada\",\"item\":\"https:\\\/\\\/pulso27.com\\\/\"},{\"@type\":\"ListItem\",\"position\":2,\"name\":\"Ej\u00e9rcito se recompone con pase al retiro de generales de divisi\u00f3n y de brigada\"}]},{\"@type\":\"WebSite\",\"@id\":\"https:\\\/\\\/pulso27.com\\\/en\\\/#website\",\"url\":\"https:\\\/\\\/pulso27.com\\\/en\\\/\",\"name\":\"Pulso27\",\"description\":\"Web de noticias y publicidad\",\"publisher\":{\"@id\":\"https:\\\/\\\/pulso27.com\\\/en\\\/#organization\"},\"alternateName\":\"El pulso del pueblo\",\"potentialAction\":[{\"@type\":\"SearchAction\",\"target\":{\"@type\":\"EntryPoint\",\"urlTemplate\":\"https:\\\/\\\/pulso27.com\\\/en\\\/?s={search_term_string}\"},\"query-input\":{\"@type\":\"PropertyValueSpecification\",\"valueRequired\":true,\"valueName\":\"search_term_string\"}}],\"inLanguage\":\"es-PE\"},{\"@type\":\"Organization\",\"@id\":\"https:\\\/\\\/pulso27.com\\\/en\\\/#organization\",\"name\":\"Pulso27\",\"url\":\"https:\\\/\\\/pulso27.com\\\/en\\\/\",\"logo\":{\"@type\":\"ImageObject\",\"inLanguage\":\"es-PE\",\"@id\":\"https:\\\/\\\/pulso27.com\\\/en\\\/#\\\/schema\\\/logo\\\/image\\\/\",\"url\":\"https:\\\/\\\/pulso27.com\\\/wp-content\\\/uploads\\\/2026\\\/02\\\/Logotipo-de-la-organizacion-696-x-696-px-ok.png\",\"contentUrl\":\"https:\\\/\\\/pulso27.com\\\/wp-content\\\/uploads\\\/2026\\\/02\\\/Logotipo-de-la-organizacion-696-x-696-px-ok.png\",\"width\":696,\"height\":696,\"caption\":\"Pulso27\"},\"image\":{\"@id\":\"https:\\\/\\\/pulso27.com\\\/en\\\/#\\\/schema\\\/logo\\\/image\\\/\"},\"sameAs\":[\"https:\\\/\\\/www.facebook.com\\\/pulso27\\\/\",\"https:\\\/\\\/x.com\\\/Pulso_27\",\"https:\\\/\\\/www.youtube.com\\\/@Pulso27\",\"https:\\\/\\\/www.tiktok.com\\\/@pulso_27\"]},{\"@type\":\"Person\",\"@id\":\"https:\\\/\\\/pulso27.com\\\/en\\\/#\\\/schema\\\/person\\\/a0930a7f318e7d9d83bd7cffed9f34f6\",\"name\":\"El Muki\",\"image\":{\"@type\":\"ImageObject\",\"inLanguage\":\"es-PE\",\"@id\":\"https:\\\/\\\/secure.gravatar.com\\\/avatar\\\/dc91c2607c5eebda74cbb40d13031f489096c96ead89c4c30c17db262267b2b3?s=96&d=mm&r=g\",\"url\":\"https:\\\/\\\/secure.gravatar.com\\\/avatar\\\/dc91c2607c5eebda74cbb40d13031f489096c96ead89c4c30c17db262267b2b3?s=96&d=mm&r=g\",\"contentUrl\":\"https:\\\/\\\/secure.gravatar.com\\\/avatar\\\/dc91c2607c5eebda74cbb40d13031f489096c96ead89c4c30c17db262267b2b3?s=96&d=mm&r=g\",\"caption\":\"El Muki\"},\"sameAs\":[\"http:\\\/\\\/www.pulso27.com\"],\"url\":\"https:\\\/\\\/pulso27.com\\\/es\\\/author\\\/elcuervo\\\/\"}]}<\/script>\n<!-- \/ Yoast SEO plugin. -->","yoast_head_json":{"title":"Ej\u00e9rcito se recompone con pase al retiro de generales de divisi\u00f3n y de brigada - Pulso27","robots":{"index":"index","follow":"follow","max-snippet":"max-snippet:-1","max-image-preview":"max-image-preview:large","max-video-preview":"max-video-preview:-1"},"canonical":"https:\/\/pulso27.com\/es\/nacional\/ejercito-se-recompone-con-pase-al-retiro-de-generales-de-division-y-de-brigada\/","og_locale":"es_ES","og_type":"article","og_title":"Ej\u00e9rcito se recompone con pase al retiro de generales de divisi\u00f3n y de brigada - Pulso27","og_description":"Reconfiguraci\u00f3n del alto mando. El comandante general del Ej\u00e9rcito, general de divisi\u00f3n David Ojeda Parra, ser\u00e1 el nuevo jefe del Comando Conjunto de las Fuerzas Armadas, en reemplazo del general de divisi\u00f3n Manuel G\u00f3mez de la Torre. Pero todav\u00eda no hay definici\u00f3n respecto a qui\u00e9n ser\u00eda el reemplazo de Ojeda: los generales de divisi\u00f3n C\u00e9sar [&hellip;]","og_url":"https:\/\/pulso27.com\/es\/nacional\/ejercito-se-recompone-con-pase-al-retiro-de-generales-de-division-y-de-brigada\/","og_site_name":"Pulso27","article_publisher":"https:\/\/www.facebook.com\/pulso27\/","article_published_time":"2023-12-18T17:13:01+00:00","article_modified_time":"2023-12-18T17:17:14+00:00","og_image":[{"width":573,"height":329,"url":"https:\/\/pulso27.com\/wp-content\/uploads\/2023\/12\/cambios-generales-2.png","type":"image\/png"}],"author":"El Muki","twitter_card":"summary_large_image","twitter_creator":"@Pulso_27","twitter_site":"@Pulso_27","twitter_misc":{"Written by":"El Muki","Est. reading time":"6 minutos"},"schema":{"@context":"https:\/\/schema.org","@graph":[{"@type":"Article","@id":"https:\/\/pulso27.com\/nacional\/ejercito-se-recompone-con-pase-al-retiro-de-generales-de-division-y-de-brigada\/#article","isPartOf":{"@id":"https:\/\/pulso27.com\/nacional\/ejercito-se-recompone-con-pase-al-retiro-de-generales-de-division-y-de-brigada\/"},"author":{"name":"El Muki","@id":"https:\/\/pulso27.com\/en\/#\/schema\/person\/a0930a7f318e7d9d83bd7cffed9f34f6"},"headline":"Ej\u00e9rcito se recompone con pase al retiro de generales de divisi\u00f3n y de brigada","datePublished":"2023-12-18T17:13:01+00:00","dateModified":"2023-12-18T17:17:14+00:00","mainEntityOfPage":{"@id":"https:\/\/pulso27.com\/nacional\/ejercito-se-recompone-con-pase-al-retiro-de-generales-de-division-y-de-brigada\/"},"wordCount":1120,"commentCount":0,"publisher":{"@id":"https:\/\/pulso27.com\/en\/#organization"},"image":{"@id":"https:\/\/pulso27.com\/nacional\/ejercito-se-recompone-con-pase-al-retiro-de-generales-de-division-y-de-brigada\/#primaryimage"},"thumbnailUrl":"https:\/\/pulso27.com\/wp-content\/uploads\/2023\/12\/cambios-generales-2.png","keywords":["CCFFAA","Comando Conjunto de las Fuerzas Armadas","Ejercito"],"articleSection":["Actualidad","Nacional","Pol\u00edtica"],"inLanguage":"es-PE","potentialAction":[{"@type":"CommentAction","name":"Comment","target":["https:\/\/pulso27.com\/nacional\/ejercito-se-recompone-con-pase-al-retiro-de-generales-de-division-y-de-brigada\/#respond"]}]},{"@type":"WebPage","@id":"https:\/\/pulso27.com\/nacional\/ejercito-se-recompone-con-pase-al-retiro-de-generales-de-division-y-de-brigada\/","url":"https:\/\/pulso27.com\/nacional\/ejercito-se-recompone-con-pase-al-retiro-de-generales-de-division-y-de-brigada\/","name":"Ej\u00e9rcito se recompone con pase al retiro de generales de divisi\u00f3n y de brigada - Pulso27","isPartOf":{"@id":"https:\/\/pulso27.com\/en\/#website"},"primaryImageOfPage":{"@id":"https:\/\/pulso27.com\/nacional\/ejercito-se-recompone-con-pase-al-retiro-de-generales-de-division-y-de-brigada\/#primaryimage"},"image":{"@id":"https:\/\/pulso27.com\/nacional\/ejercito-se-recompone-con-pase-al-retiro-de-generales-de-division-y-de-brigada\/#primaryimage"},"thumbnailUrl":"https:\/\/pulso27.com\/wp-content\/uploads\/2023\/12\/cambios-generales-2.png","datePublished":"2023-12-18T17:13:01+00:00","dateModified":"2023-12-18T17:17:14+00:00","breadcrumb":{"@id":"https:\/\/pulso27.com\/nacional\/ejercito-se-recompone-con-pase-al-retiro-de-generales-de-division-y-de-brigada\/#breadcrumb"},"inLanguage":"es-PE","potentialAction":[{"@type":"ReadAction","target":["https:\/\/pulso27.com\/nacional\/ejercito-se-recompone-con-pase-al-retiro-de-generales-de-division-y-de-brigada\/"]}]},{"@type":"ImageObject","inLanguage":"es-PE","@id":"https:\/\/pulso27.com\/nacional\/ejercito-se-recompone-con-pase-al-retiro-de-generales-de-division-y-de-brigada\/#primaryimage","url":"https:\/\/pulso27.com\/wp-content\/uploads\/2023\/12\/cambios-generales-2.png","contentUrl":"https:\/\/pulso27.com\/wp-content\/uploads\/2023\/12\/cambios-generales-2.png","width":573,"height":329},{"@type":"BreadcrumbList","@id":"https:\/\/pulso27.com\/nacional\/ejercito-se-recompone-con-pase-al-retiro-de-generales-de-division-y-de-brigada\/#breadcrumb","itemListElement":[{"@type":"ListItem","position":1,"name":"Portada","item":"https:\/\/pulso27.com\/"},{"@type":"ListItem","position":2,"name":"Ej\u00e9rcito se recompone con pase al retiro de generales de divisi\u00f3n y de brigada"}]},{"@type":"WebSite","@id":"https:\/\/pulso27.com\/en\/#website","url":"https:\/\/pulso27.com\/en\/","name":"Pulso27","description":"Web de noticias y publicidad","publisher":{"@id":"https:\/\/pulso27.com\/en\/#organization"},"alternateName":"El pulso del pueblo","potentialAction":[{"@type":"SearchAction","target":{"@type":"EntryPoint","urlTemplate":"https:\/\/pulso27.com\/en\/?s={search_term_string}"},"query-input":{"@type":"PropertyValueSpecification","valueRequired":true,"valueName":"search_term_string"}}],"inLanguage":"es-PE"},{"@type":"Organization","@id":"https:\/\/pulso27.com\/en\/#organization","name":"Pulso27","url":"https:\/\/pulso27.com\/en\/","logo":{"@type":"ImageObject","inLanguage":"es-PE","@id":"https:\/\/pulso27.com\/en\/#\/schema\/logo\/image\/","url":"https:\/\/pulso27.com\/wp-content\/uploads\/2026\/02\/Logotipo-de-la-organizacion-696-x-696-px-ok.png","contentUrl":"https:\/\/pulso27.com\/wp-content\/uploads\/2026\/02\/Logotipo-de-la-organizacion-696-x-696-px-ok.png","width":696,"height":696,"caption":"Pulso27"},"image":{"@id":"https:\/\/pulso27.com\/en\/#\/schema\/logo\/image\/"},"sameAs":["https:\/\/www.facebook.com\/pulso27\/","https:\/\/x.com\/Pulso_27","https:\/\/www.youtube.com\/@Pulso27","https:\/\/www.tiktok.com\/@pulso_27"]},{"@type":"Person","@id":"https:\/\/pulso27.com\/en\/#\/schema\/person\/a0930a7f318e7d9d83bd7cffed9f34f6","name":"El Muki","image":{"@type":"ImageObject","inLanguage":"es-PE","@id":"https:\/\/secure.gravatar.com\/avatar\/dc91c2607c5eebda74cbb40d13031f489096c96ead89c4c30c17db262267b2b3?s=96&d=mm&r=g","url":"https:\/\/secure.gravatar.com\/avatar\/dc91c2607c5eebda74cbb40d13031f489096c96ead89c4c30c17db262267b2b3?s=96&d=mm&r=g","contentUrl":"https:\/\/secure.gravatar.com\/avatar\/dc91c2607c5eebda74cbb40d13031f489096c96ead89c4c30c17db262267b2b3?s=96&d=mm&r=g","caption":"El Muki"},"sameAs":["http:\/\/www.pulso27.com"],"url":"https:\/\/pulso27.com\/es\/author\/elcuervo\/"}]}},"amp_enabled":true,"_links":{"self":[{"href":"https:\/\/pulso27.com\/es\/wp-json\/wp\/v2\/posts\/961","targetHints":{"allow":["GET"]}}],"collection":[{"href":"https:\/\/pulso27.com\/es\/wp-json\/wp\/v2\/posts"}],"about":[{"href":"https:\/\/pulso27.com\/es\/wp-json\/wp\/v2\/types\/post"}],"author":[{"embeddable":true,"href":"https:\/\/pulso27.com\/es\/wp-json\/wp\/v2\/users\/10"}],"replies":[{"embeddable":true,"href":"https:\/\/pulso27.com\/es\/wp-json\/wp\/v2\/comments?post=961"}],"version-history":[{"count":2,"href":"https:\/\/pulso27.com\/es\/wp-json\/wp\/v2\/posts\/961\/revisions"}],"predecessor-version":[{"id":964,"href":"https:\/\/pulso27.com\/es\/wp-json\/wp\/v2\/posts\/961\/revisions\/964"}],"wp:featuredmedia":[{"embeddable":true,"href":"https:\/\/pulso27.com\/es\/wp-json\/wp\/v2\/media\/967"}],"wp:attachment":[{"href":"https:\/\/pulso27.com\/es\/wp-json\/wp\/v2\/media?parent=961"}],"wp:term":[{"taxonomy":"category","embeddable":true,"href":"https:\/\/pulso27.com\/es\/wp-json\/wp\/v2\/categories?post=961"},{"taxonomy":"post_tag","embeddable":true,"href":"https:\/\/pulso27.com\/es\/wp-json\/wp\/v2\/tags?post=961"}],"curies":[{"name":"wp","href":"https:\/\/api.w.org\/{rel}","templated":true}]}}