{"id":968,"date":"2023-12-18T17:41:16","date_gmt":"2023-12-18T17:41:16","guid":{"rendered":"https:\/\/pulso27.com\/?p=968"},"modified":"2023-12-18T17:41:16","modified_gmt":"2023-12-18T17:41:16","slug":"siete-de-cada-diez-jovenes-trabajan-en-algo-que-no-estudiaron-indico-el-ministro-daniel-maurate","status":"publish","type":"post","link":"https:\/\/pulso27.com\/es\/nacional\/siete-de-cada-diez-jovenes-trabajan-en-algo-que-no-estudiaron-indico-el-ministro-daniel-maurate\/","title":{"rendered":"Siete de cada diez j\u00f3venes trabajan en algo que no estudiaron, indic\u00f3 el ministro Daniel Maurate"},"content":{"rendered":"\n<p>El ministro de Trabajo y Promoci\u00f3n del Empleo, Daniel Maurate, coment\u00f3 las \u00faltimas cifras de la situaci\u00f3n laboral en el pa\u00eds, con una econom\u00eda en recesi\u00f3n y en un escenario de inestabilidad pol\u00edtica.<\/p>\n\n\n\n<p>En Enfoque de los S\u00e1bados, Daniel Maurate advirti\u00f3 que la informalidad en el pa\u00eds ha aumentado en los \u00faltimos a\u00f1os; una situaci\u00f3n que causa mucha preocupaci\u00f3n y que se espera revertir de cara al futuro.<\/p>\n\n\n\n<figure class=\"wp-block-image size-full\"><img loading=\"lazy\" decoding=\"async\" width=\"726\" height=\"423\" src=\"https:\/\/pulso27.com\/wp-content\/uploads\/2023\/12\/image-16.png\" alt=\"\" class=\"wp-image-970\" srcset=\"https:\/\/pulso27.com\/wp-content\/uploads\/2023\/12\/image-16.png 726w, https:\/\/pulso27.com\/wp-content\/uploads\/2023\/12\/image-16-300x175.png 300w\" sizes=\"auto, (max-width: 726px) 100vw, 726px\" \/><\/figure>\n\n\n\n<p>\u201cLamentablemente los indicadores se han deteriorado. Ten\u00edamos en el a\u00f1o 2016 casi 70 % de informalidad y 30 % de formalidad. En diciembre de 2022, la informalidad ha crecido a 75,7 % aproximadamente\u201d, dijo el titular del Ministerio de Trabajo.<\/p>\n\n\n\n<blockquote class=\"wp-block-quote is-layout-flow wp-block-quote-is-layout-flow\">\n<p>\u201cLamentablemente los indicadores se han deteriorado. Ten\u00edamos en el a\u00f1o 2016 casi 70 % de informalidad y 30 % de formalidad. En diciembre de 2022, la informalidad ha crecido a 75,7 % aproximadamente\u201d, dijo el titular del Ministerio de Trabajo.<\/p>\n<\/blockquote>\n\n\n\n<p>Maurate tambi\u00e9n se refiri\u00f3 a la educaci\u00f3n ocupacional de los j\u00f3venes. En esa l\u00ednea, se\u00f1al\u00f3 que siete de cada diez j\u00f3venes trabajan en algo que no estudiaron, una situaci\u00f3n que ha crecido de 62 % a 66 %.<\/p>\n\n\n\n<p>\u201cEsto quiere decir que hoy d\u00eda en el Per\u00fa de cada diez j\u00f3venes que han estudiado una carrera en una universidad o un instituto, 7 est\u00e1n trabajando en algo diferente a lo que han estudiado. Y eso hace un capital humano no tan productivo en nuestro pa\u00eds\u201d, afirm\u00f3.<\/p>\n\n\n\n<p>Tambi\u00e9n revel\u00f3 las cifras de j\u00f3venes que ingresan al mercado laboral sin estudios. \u201cAl a\u00f1o se incorporan al mercado laboral 340 mil j\u00f3venes que no estudian nada. Casi el 75 % y estos van a mercado laboral, casi todos van a la informalidad\u201d, puntualiz\u00f3.<\/p>\n\n\n\n<p>Fuente: RPP<\/p>\n","protected":false},"excerpt":{"rendered":"<p>Siete de cada diez j\u00f3venes trabajan en algo que no estudiaron, indic\u00f3 el ministro Daniel Maurate<\/p>\n","protected":false},"author":10,"featured_media":969,"comment_status":"open","ping_status":"open","sticky":false,"template":"","format":"standard","meta":{"footnotes":""},"categories":[183,177,174],"tags":[419,418],"class_list":["post-968","post","type-post","status-publish","format-standard","has-post-thumbnail","hentry","category-actualidad","category-economia","category-nacional","tag-daniel-maurate","tag-ministerio-de-trabajo"],"yoast_head":"<!-- This site is optimized with the Yoast SEO plugin v27.4 - https:\/\/yoast.com\/product\/yoast-seo-wordpress\/ -->\n<title>Siete de cada diez j\u00f3venes trabajan en algo que no estudiaron, indic\u00f3 el ministro Daniel Maurate - Pulso27<\/title>\n<meta name=\"robots\" content=\"index, follow, max-snippet:-1, max-image-preview:large, max-video-preview:-1\" \/>\n<link rel=\"canonical\" href=\"https:\/\/pulso27.com\/es\/nacional\/siete-de-cada-diez-jovenes-trabajan-en-algo-que-no-estudiaron-indico-el-ministro-daniel-maurate\/\" \/>\n<meta property=\"og:locale\" content=\"es_ES\" \/>\n<meta property=\"og:type\" content=\"article\" \/>\n<meta property=\"og:title\" content=\"Siete de cada diez j\u00f3venes trabajan en algo que no estudiaron, indic\u00f3 el ministro Daniel Maurate - Pulso27\" \/>\n<meta property=\"og:description\" content=\"Siete de cada diez j\u00f3venes trabajan en algo que no estudiaron, indic\u00f3 el ministro Daniel Maurate\" \/>\n<meta property=\"og:url\" content=\"https:\/\/pulso27.com\/es\/nacional\/siete-de-cada-diez-jovenes-trabajan-en-algo-que-no-estudiaron-indico-el-ministro-daniel-maurate\/\" \/>\n<meta property=\"og:site_name\" content=\"Pulso27\" \/>\n<meta property=\"article:publisher\" content=\"https:\/\/www.facebook.com\/pulso27\/\" \/>\n<meta property=\"article:published_time\" content=\"2023-12-18T17:41:16+00:00\" \/>\n<meta property=\"og:image\" content=\"https:\/\/pulso27.com\/wp-content\/uploads\/2023\/12\/Daniel-Maurate.png\" \/>\n\t<meta property=\"og:image:width\" content=\"709\" \/>\n\t<meta property=\"og:image:height\" content=\"547\" \/>\n\t<meta property=\"og:image:type\" content=\"image\/png\" \/>\n<meta name=\"author\" content=\"El Muki\" \/>\n<meta name=\"twitter:card\" content=\"summary_large_image\" \/>\n<meta name=\"twitter:creator\" content=\"@Pulso_27\" \/>\n<meta name=\"twitter:site\" content=\"@Pulso_27\" \/>\n<meta name=\"twitter:label1\" content=\"Written by\" \/>\n\t<meta name=\"twitter:data1\" content=\"El Muki\" \/>\n\t<meta name=\"twitter:label2\" content=\"Est. reading time\" \/>\n\t<meta name=\"twitter:data2\" content=\"1 minuto\" \/>\n<script type=\"application\/ld+json\" class=\"yoast-schema-graph\">{\"@context\":\"https:\\\/\\\/schema.org\",\"@graph\":[{\"@type\":\"Article\",\"@id\":\"https:\\\/\\\/pulso27.com\\\/nacional\\\/siete-de-cada-diez-jovenes-trabajan-en-algo-que-no-estudiaron-indico-el-ministro-daniel-maurate\\\/#article\",\"isPartOf\":{\"@id\":\"https:\\\/\\\/pulso27.com\\\/nacional\\\/siete-de-cada-diez-jovenes-trabajan-en-algo-que-no-estudiaron-indico-el-ministro-daniel-maurate\\\/\"},\"author\":{\"name\":\"El Muki\",\"@id\":\"https:\\\/\\\/pulso27.com\\\/en\\\/#\\\/schema\\\/person\\\/a0930a7f318e7d9d83bd7cffed9f34f6\"},\"headline\":\"Siete de cada diez j\u00f3venes trabajan en algo que no estudiaron, indic\u00f3 el ministro Daniel Maurate\",\"datePublished\":\"2023-12-18T17:41:16+00:00\",\"mainEntityOfPage\":{\"@id\":\"https:\\\/\\\/pulso27.com\\\/nacional\\\/siete-de-cada-diez-jovenes-trabajan-en-algo-que-no-estudiaron-indico-el-ministro-daniel-maurate\\\/\"},\"wordCount\":303,\"commentCount\":0,\"publisher\":{\"@id\":\"https:\\\/\\\/pulso27.com\\\/en\\\/#organization\"},\"image\":{\"@id\":\"https:\\\/\\\/pulso27.com\\\/nacional\\\/siete-de-cada-diez-jovenes-trabajan-en-algo-que-no-estudiaron-indico-el-ministro-daniel-maurate\\\/#primaryimage\"},\"thumbnailUrl\":\"https:\\\/\\\/pulso27.com\\\/wp-content\\\/uploads\\\/2023\\\/12\\\/Daniel-Maurate.png\",\"keywords\":[\"Daniel Maurate\",\"Ministerio de Trabajo\"],\"articleSection\":[\"Actualidad\",\"Econom\u00eda\",\"Nacional\"],\"inLanguage\":\"es-PE\",\"potentialAction\":[{\"@type\":\"CommentAction\",\"name\":\"Comment\",\"target\":[\"https:\\\/\\\/pulso27.com\\\/nacional\\\/siete-de-cada-diez-jovenes-trabajan-en-algo-que-no-estudiaron-indico-el-ministro-daniel-maurate\\\/#respond\"]}]},{\"@type\":\"WebPage\",\"@id\":\"https:\\\/\\\/pulso27.com\\\/nacional\\\/siete-de-cada-diez-jovenes-trabajan-en-algo-que-no-estudiaron-indico-el-ministro-daniel-maurate\\\/\",\"url\":\"https:\\\/\\\/pulso27.com\\\/nacional\\\/siete-de-cada-diez-jovenes-trabajan-en-algo-que-no-estudiaron-indico-el-ministro-daniel-maurate\\\/\",\"name\":\"Siete de cada diez j\u00f3venes trabajan en algo que no estudiaron, indic\u00f3 el ministro Daniel Maurate - Pulso27\",\"isPartOf\":{\"@id\":\"https:\\\/\\\/pulso27.com\\\/en\\\/#website\"},\"primaryImageOfPage\":{\"@id\":\"https:\\\/\\\/pulso27.com\\\/nacional\\\/siete-de-cada-diez-jovenes-trabajan-en-algo-que-no-estudiaron-indico-el-ministro-daniel-maurate\\\/#primaryimage\"},\"image\":{\"@id\":\"https:\\\/\\\/pulso27.com\\\/nacional\\\/siete-de-cada-diez-jovenes-trabajan-en-algo-que-no-estudiaron-indico-el-ministro-daniel-maurate\\\/#primaryimage\"},\"thumbnailUrl\":\"https:\\\/\\\/pulso27.com\\\/wp-content\\\/uploads\\\/2023\\\/12\\\/Daniel-Maurate.png\",\"datePublished\":\"2023-12-18T17:41:16+00:00\",\"breadcrumb\":{\"@id\":\"https:\\\/\\\/pulso27.com\\\/nacional\\\/siete-de-cada-diez-jovenes-trabajan-en-algo-que-no-estudiaron-indico-el-ministro-daniel-maurate\\\/#breadcrumb\"},\"inLanguage\":\"es-PE\",\"potentialAction\":[{\"@type\":\"ReadAction\",\"target\":[\"https:\\\/\\\/pulso27.com\\\/nacional\\\/siete-de-cada-diez-jovenes-trabajan-en-algo-que-no-estudiaron-indico-el-ministro-daniel-maurate\\\/\"]}]},{\"@type\":\"ImageObject\",\"inLanguage\":\"es-PE\",\"@id\":\"https:\\\/\\\/pulso27.com\\\/nacional\\\/siete-de-cada-diez-jovenes-trabajan-en-algo-que-no-estudiaron-indico-el-ministro-daniel-maurate\\\/#primaryimage\",\"url\":\"https:\\\/\\\/pulso27.com\\\/wp-content\\\/uploads\\\/2023\\\/12\\\/Daniel-Maurate.png\",\"contentUrl\":\"https:\\\/\\\/pulso27.com\\\/wp-content\\\/uploads\\\/2023\\\/12\\\/Daniel-Maurate.png\",\"width\":709,\"height\":547},{\"@type\":\"BreadcrumbList\",\"@id\":\"https:\\\/\\\/pulso27.com\\\/nacional\\\/siete-de-cada-diez-jovenes-trabajan-en-algo-que-no-estudiaron-indico-el-ministro-daniel-maurate\\\/#breadcrumb\",\"itemListElement\":[{\"@type\":\"ListItem\",\"position\":1,\"name\":\"Portada\",\"item\":\"https:\\\/\\\/pulso27.com\\\/\"},{\"@type\":\"ListItem\",\"position\":2,\"name\":\"Siete de cada diez j\u00f3venes trabajan en algo que no estudiaron, indic\u00f3 el ministro Daniel Maurate\"}]},{\"@type\":\"WebSite\",\"@id\":\"https:\\\/\\\/pulso27.com\\\/en\\\/#website\",\"url\":\"https:\\\/\\\/pulso27.com\\\/en\\\/\",\"name\":\"Pulso27\",\"description\":\"Web de noticias y publicidad\",\"publisher\":{\"@id\":\"https:\\\/\\\/pulso27.com\\\/en\\\/#organization\"},\"alternateName\":\"El pulso del pueblo\",\"potentialAction\":[{\"@type\":\"SearchAction\",\"target\":{\"@type\":\"EntryPoint\",\"urlTemplate\":\"https:\\\/\\\/pulso27.com\\\/en\\\/?s={search_term_string}\"},\"query-input\":{\"@type\":\"PropertyValueSpecification\",\"valueRequired\":true,\"valueName\":\"search_term_string\"}}],\"inLanguage\":\"es-PE\"},{\"@type\":\"Organization\",\"@id\":\"https:\\\/\\\/pulso27.com\\\/en\\\/#organization\",\"name\":\"Pulso27\",\"url\":\"https:\\\/\\\/pulso27.com\\\/en\\\/\",\"logo\":{\"@type\":\"ImageObject\",\"inLanguage\":\"es-PE\",\"@id\":\"https:\\\/\\\/pulso27.com\\\/en\\\/#\\\/schema\\\/logo\\\/image\\\/\",\"url\":\"https:\\\/\\\/pulso27.com\\\/wp-content\\\/uploads\\\/2026\\\/02\\\/Logotipo-de-la-organizacion-696-x-696-px-ok.png\",\"contentUrl\":\"https:\\\/\\\/pulso27.com\\\/wp-content\\\/uploads\\\/2026\\\/02\\\/Logotipo-de-la-organizacion-696-x-696-px-ok.png\",\"width\":696,\"height\":696,\"caption\":\"Pulso27\"},\"image\":{\"@id\":\"https:\\\/\\\/pulso27.com\\\/en\\\/#\\\/schema\\\/logo\\\/image\\\/\"},\"sameAs\":[\"https:\\\/\\\/www.facebook.com\\\/pulso27\\\/\",\"https:\\\/\\\/x.com\\\/Pulso_27\",\"https:\\\/\\\/www.youtube.com\\\/@Pulso27\",\"https:\\\/\\\/www.tiktok.com\\\/@pulso_27\"]},{\"@type\":\"Person\",\"@id\":\"https:\\\/\\\/pulso27.com\\\/en\\\/#\\\/schema\\\/person\\\/a0930a7f318e7d9d83bd7cffed9f34f6\",\"name\":\"El Muki\",\"image\":{\"@type\":\"ImageObject\",\"inLanguage\":\"es-PE\",\"@id\":\"https:\\\/\\\/secure.gravatar.com\\\/avatar\\\/dc91c2607c5eebda74cbb40d13031f489096c96ead89c4c30c17db262267b2b3?s=96&d=mm&r=g\",\"url\":\"https:\\\/\\\/secure.gravatar.com\\\/avatar\\\/dc91c2607c5eebda74cbb40d13031f489096c96ead89c4c30c17db262267b2b3?s=96&d=mm&r=g\",\"contentUrl\":\"https:\\\/\\\/secure.gravatar.com\\\/avatar\\\/dc91c2607c5eebda74cbb40d13031f489096c96ead89c4c30c17db262267b2b3?s=96&d=mm&r=g\",\"caption\":\"El Muki\"},\"sameAs\":[\"http:\\\/\\\/www.pulso27.com\"],\"url\":\"https:\\\/\\\/pulso27.com\\\/es\\\/author\\\/elcuervo\\\/\"}]}<\/script>\n<!-- \/ Yoast SEO plugin. -->","yoast_head_json":{"title":"Siete de cada diez j\u00f3venes trabajan en algo que no estudiaron, indic\u00f3 el ministro Daniel Maurate - Pulso27","robots":{"index":"index","follow":"follow","max-snippet":"max-snippet:-1","max-image-preview":"max-image-preview:large","max-video-preview":"max-video-preview:-1"},"canonical":"https:\/\/pulso27.com\/es\/nacional\/siete-de-cada-diez-jovenes-trabajan-en-algo-que-no-estudiaron-indico-el-ministro-daniel-maurate\/","og_locale":"es_ES","og_type":"article","og_title":"Siete de cada diez j\u00f3venes trabajan en algo que no estudiaron, indic\u00f3 el ministro Daniel Maurate - Pulso27","og_description":"Siete de cada diez j\u00f3venes trabajan en algo que no estudiaron, indic\u00f3 el ministro Daniel Maurate","og_url":"https:\/\/pulso27.com\/es\/nacional\/siete-de-cada-diez-jovenes-trabajan-en-algo-que-no-estudiaron-indico-el-ministro-daniel-maurate\/","og_site_name":"Pulso27","article_publisher":"https:\/\/www.facebook.com\/pulso27\/","article_published_time":"2023-12-18T17:41:16+00:00","og_image":[{"width":709,"height":547,"url":"https:\/\/pulso27.com\/wp-content\/uploads\/2023\/12\/Daniel-Maurate.png","type":"image\/png"}],"author":"El Muki","twitter_card":"summary_large_image","twitter_creator":"@Pulso_27","twitter_site":"@Pulso_27","twitter_misc":{"Written by":"El Muki","Est. reading time":"1 minuto"},"schema":{"@context":"https:\/\/schema.org","@graph":[{"@type":"Article","@id":"https:\/\/pulso27.com\/nacional\/siete-de-cada-diez-jovenes-trabajan-en-algo-que-no-estudiaron-indico-el-ministro-daniel-maurate\/#article","isPartOf":{"@id":"https:\/\/pulso27.com\/nacional\/siete-de-cada-diez-jovenes-trabajan-en-algo-que-no-estudiaron-indico-el-ministro-daniel-maurate\/"},"author":{"name":"El Muki","@id":"https:\/\/pulso27.com\/en\/#\/schema\/person\/a0930a7f318e7d9d83bd7cffed9f34f6"},"headline":"Siete de cada diez j\u00f3venes trabajan en algo que no estudiaron, indic\u00f3 el ministro Daniel Maurate","datePublished":"2023-12-18T17:41:16+00:00","mainEntityOfPage":{"@id":"https:\/\/pulso27.com\/nacional\/siete-de-cada-diez-jovenes-trabajan-en-algo-que-no-estudiaron-indico-el-ministro-daniel-maurate\/"},"wordCount":303,"commentCount":0,"publisher":{"@id":"https:\/\/pulso27.com\/en\/#organization"},"image":{"@id":"https:\/\/pulso27.com\/nacional\/siete-de-cada-diez-jovenes-trabajan-en-algo-que-no-estudiaron-indico-el-ministro-daniel-maurate\/#primaryimage"},"thumbnailUrl":"https:\/\/pulso27.com\/wp-content\/uploads\/2023\/12\/Daniel-Maurate.png","keywords":["Daniel Maurate","Ministerio de Trabajo"],"articleSection":["Actualidad","Econom\u00eda","Nacional"],"inLanguage":"es-PE","potentialAction":[{"@type":"CommentAction","name":"Comment","target":["https:\/\/pulso27.com\/nacional\/siete-de-cada-diez-jovenes-trabajan-en-algo-que-no-estudiaron-indico-el-ministro-daniel-maurate\/#respond"]}]},{"@type":"WebPage","@id":"https:\/\/pulso27.com\/nacional\/siete-de-cada-diez-jovenes-trabajan-en-algo-que-no-estudiaron-indico-el-ministro-daniel-maurate\/","url":"https:\/\/pulso27.com\/nacional\/siete-de-cada-diez-jovenes-trabajan-en-algo-que-no-estudiaron-indico-el-ministro-daniel-maurate\/","name":"Siete de cada diez j\u00f3venes trabajan en algo que no estudiaron, indic\u00f3 el ministro Daniel Maurate - Pulso27","isPartOf":{"@id":"https:\/\/pulso27.com\/en\/#website"},"primaryImageOfPage":{"@id":"https:\/\/pulso27.com\/nacional\/siete-de-cada-diez-jovenes-trabajan-en-algo-que-no-estudiaron-indico-el-ministro-daniel-maurate\/#primaryimage"},"image":{"@id":"https:\/\/pulso27.com\/nacional\/siete-de-cada-diez-jovenes-trabajan-en-algo-que-no-estudiaron-indico-el-ministro-daniel-maurate\/#primaryimage"},"thumbnailUrl":"https:\/\/pulso27.com\/wp-content\/uploads\/2023\/12\/Daniel-Maurate.png","datePublished":"2023-12-18T17:41:16+00:00","breadcrumb":{"@id":"https:\/\/pulso27.com\/nacional\/siete-de-cada-diez-jovenes-trabajan-en-algo-que-no-estudiaron-indico-el-ministro-daniel-maurate\/#breadcrumb"},"inLanguage":"es-PE","potentialAction":[{"@type":"ReadAction","target":["https:\/\/pulso27.com\/nacional\/siete-de-cada-diez-jovenes-trabajan-en-algo-que-no-estudiaron-indico-el-ministro-daniel-maurate\/"]}]},{"@type":"ImageObject","inLanguage":"es-PE","@id":"https:\/\/pulso27.com\/nacional\/siete-de-cada-diez-jovenes-trabajan-en-algo-que-no-estudiaron-indico-el-ministro-daniel-maurate\/#primaryimage","url":"https:\/\/pulso27.com\/wp-content\/uploads\/2023\/12\/Daniel-Maurate.png","contentUrl":"https:\/\/pulso27.com\/wp-content\/uploads\/2023\/12\/Daniel-Maurate.png","width":709,"height":547},{"@type":"BreadcrumbList","@id":"https:\/\/pulso27.com\/nacional\/siete-de-cada-diez-jovenes-trabajan-en-algo-que-no-estudiaron-indico-el-ministro-daniel-maurate\/#breadcrumb","itemListElement":[{"@type":"ListItem","position":1,"name":"Portada","item":"https:\/\/pulso27.com\/"},{"@type":"ListItem","position":2,"name":"Siete de cada diez j\u00f3venes trabajan en algo que no estudiaron, indic\u00f3 el ministro Daniel Maurate"}]},{"@type":"WebSite","@id":"https:\/\/pulso27.com\/en\/#website","url":"https:\/\/pulso27.com\/en\/","name":"Pulso27","description":"Web de noticias y publicidad","publisher":{"@id":"https:\/\/pulso27.com\/en\/#organization"},"alternateName":"El pulso del pueblo","potentialAction":[{"@type":"SearchAction","target":{"@type":"EntryPoint","urlTemplate":"https:\/\/pulso27.com\/en\/?s={search_term_string}"},"query-input":{"@type":"PropertyValueSpecification","valueRequired":true,"valueName":"search_term_string"}}],"inLanguage":"es-PE"},{"@type":"Organization","@id":"https:\/\/pulso27.com\/en\/#organization","name":"Pulso27","url":"https:\/\/pulso27.com\/en\/","logo":{"@type":"ImageObject","inLanguage":"es-PE","@id":"https:\/\/pulso27.com\/en\/#\/schema\/logo\/image\/","url":"https:\/\/pulso27.com\/wp-content\/uploads\/2026\/02\/Logotipo-de-la-organizacion-696-x-696-px-ok.png","contentUrl":"https:\/\/pulso27.com\/wp-content\/uploads\/2026\/02\/Logotipo-de-la-organizacion-696-x-696-px-ok.png","width":696,"height":696,"caption":"Pulso27"},"image":{"@id":"https:\/\/pulso27.com\/en\/#\/schema\/logo\/image\/"},"sameAs":["https:\/\/www.facebook.com\/pulso27\/","https:\/\/x.com\/Pulso_27","https:\/\/www.youtube.com\/@Pulso27","https:\/\/www.tiktok.com\/@pulso_27"]},{"@type":"Person","@id":"https:\/\/pulso27.com\/en\/#\/schema\/person\/a0930a7f318e7d9d83bd7cffed9f34f6","name":"El Muki","image":{"@type":"ImageObject","inLanguage":"es-PE","@id":"https:\/\/secure.gravatar.com\/avatar\/dc91c2607c5eebda74cbb40d13031f489096c96ead89c4c30c17db262267b2b3?s=96&d=mm&r=g","url":"https:\/\/secure.gravatar.com\/avatar\/dc91c2607c5eebda74cbb40d13031f489096c96ead89c4c30c17db262267b2b3?s=96&d=mm&r=g","contentUrl":"https:\/\/secure.gravatar.com\/avatar\/dc91c2607c5eebda74cbb40d13031f489096c96ead89c4c30c17db262267b2b3?s=96&d=mm&r=g","caption":"El Muki"},"sameAs":["http:\/\/www.pulso27.com"],"url":"https:\/\/pulso27.com\/es\/author\/elcuervo\/"}]}},"amp_enabled":true,"_links":{"self":[{"href":"https:\/\/pulso27.com\/es\/wp-json\/wp\/v2\/posts\/968","targetHints":{"allow":["GET"]}}],"collection":[{"href":"https:\/\/pulso27.com\/es\/wp-json\/wp\/v2\/posts"}],"about":[{"href":"https:\/\/pulso27.com\/es\/wp-json\/wp\/v2\/types\/post"}],"author":[{"embeddable":true,"href":"https:\/\/pulso27.com\/es\/wp-json\/wp\/v2\/users\/10"}],"replies":[{"embeddable":true,"href":"https:\/\/pulso27.com\/es\/wp-json\/wp\/v2\/comments?post=968"}],"version-history":[{"count":1,"href":"https:\/\/pulso27.com\/es\/wp-json\/wp\/v2\/posts\/968\/revisions"}],"predecessor-version":[{"id":971,"href":"https:\/\/pulso27.com\/es\/wp-json\/wp\/v2\/posts\/968\/revisions\/971"}],"wp:featuredmedia":[{"embeddable":true,"href":"https:\/\/pulso27.com\/es\/wp-json\/wp\/v2\/media\/969"}],"wp:attachment":[{"href":"https:\/\/pulso27.com\/es\/wp-json\/wp\/v2\/media?parent=968"}],"wp:term":[{"taxonomy":"category","embeddable":true,"href":"https:\/\/pulso27.com\/es\/wp-json\/wp\/v2\/categories?post=968"},{"taxonomy":"post_tag","embeddable":true,"href":"https:\/\/pulso27.com\/es\/wp-json\/wp\/v2\/tags?post=968"}],"curies":[{"name":"wp","href":"https:\/\/api.w.org\/{rel}","templated":true}]}}